{"id":2160,"date":"2015-01-20T10:37:48","date_gmt":"2015-01-20T10:37:48","guid":{"rendered":""},"modified":"2026-03-11T09:12:16","modified_gmt":"2026-03-11T14:12:16","slug":"temas-que-abordan-los-obispos-del-pero-en-su-asamblea-plenaria-2015","status":"publish","type":"post","link":"https:\/\/ceas.org.pe\/index.php\/2015\/01\/20\/temas-que-abordan-los-obispos-del-pero-en-su-asamblea-plenaria-2015\/","title":{"rendered":"Temas que abordan los Obispos del Per\u00f3 en su Asamblea Plenaria 2015"},"content":{"rendered":"<p>Desde el lunes 19 y hasta el viernes 23 se realizar\u00e1 en Lima la 105\u00aa Asamblea Plenaria de los Obispos del Per\u00fa, quienes representan a 45 jurisdicciones eclesi\u00e1sticas.<\/p>\n<div>\u00a0<\/div>\n<div>Es as\u00ed que luego de una semana de retiro y recogimiento, los miembros del episcopado ampl\u00edan la convivencia con el fin de abordar una agenda recargada, la cual viene despertando expectativa entre fieles y la opini\u00f3n p\u00fablica.<\/div>\n<div>\u00a0<\/div>\n<div>Son 45 obispos los que acudir\u00e1n a esta Asamblea de principios de a\u00f1o, entre quienes estar\u00e1n tres consagrados en los \u00faltimos meses: del obispado de Chiclayo (Agustino) y de los Vicariatos apost\u00f3licos de San Francisco Javier de Ja\u00e9n (Jesuita) y de Puerto Maldonado (Dominico). Habr\u00e1 una recomposici\u00f3n desde la \u00faltima Asamblea con los nuevos ordinarios del Arzobispado del Cusco (Diocesano), del Obispado Castrense (Misionero del Sagrado Coraz\u00f3n), as\u00ed como del Vicariato Apost\u00f3lico de San Jos\u00e9 del Amazonas (Claretiano).<\/div>\n<div>\u00a0<\/div>\n<div>Sobre la conducci\u00f3n de las di\u00f3cesis, un tema de agenda impostergable para los participantes ser\u00e1 la situaci\u00f3n de las sedes vacantes de Tarma y de Caravel\u00ed, por traslado de sus titulares al Cusco y al Obispado Castrense, respectivamente. A esto hay que sumar que otros dos obispos ya alcanzaron el l\u00edmite de edad y cuya renuncia podr\u00eda ser aceptada por el papa Francisco en cualquier momento.<\/div>\n<div>\u00a0<\/div>\n<div><strong>La familia en la agenda<\/strong><\/div>\n<div>\u00a0<\/div>\n<div>Durante los cinco d\u00edas de trabajo, que se inaugurar\u00e1n con una misa concelebrada y p\u00fablica el mismo lunes por la ma\u00f1ana, los asistentes responder\u00e1n a un cuestionario que debe llevar el obispo delegado a la Asamblea Ordinaria del S\u00ednodo de los Obispos que llevar\u00e1 por t\u00edtulo \u00abVisi\u00f3n y misi\u00f3n del matrimonio\u00bb, a realizarse en Roma durante el mes de octubre pr\u00f3ximo.<\/div>\n<div>\u00a0<\/div>\n<div>En referencia a este asunto, el actual presidente de la Conferencia Episcopal Peruana (CEP), monse\u00f1or Salvador Pi\u00f1eiro, ya se pronunci\u00f3 a una revista local en el sentido de que los temas contempor\u00e1neos de la familia \u00abdebemos seguir estudi\u00e1ndolos\u00bb y record\u00f3 que \u00abninguna familia debe sentirse abandonada por la Iglesia\u00bb.<\/div>\n<div>\u00a0<\/div>\n<div>\u00abLa Iglesia a\u00fan va a seguir estudiando las uniones que se puedan generar entre parejas que tuvieron un fracaso matrimonial, y que est\u00e1n dispuestas a rehacer su vida\u00bb, manifest\u00f3 el tambi\u00e9n Arzobispo de Ayacucho y delegado por la CEP al S\u00ednodo extraordinario de obispos del pasado mes de octubre en Roma.<\/div>\n<div>\u00a0<\/div>\n<div><strong>Un mensaje urgente<\/strong><\/div>\n<div>\u00a0<\/div>\n<div>Aunque son varios los informes y aspectos que se abordan en una reuni\u00f3n de este tipo, donde cada uno de los altos prelados trae a la mesa sus preocupaciones y propuestas, trascendi\u00f3 que se har\u00e1 p\u00fablico un mensaje al pa\u00eds, en el cual se abordar\u00e1 la problem\u00e1tica de la violencia en las ciudades, as\u00ed como la corrupci\u00f3n que han alcanzado los n\u00facleos de poder sobre todo en las regiones y provincias del pa\u00eds.<\/div>\n<div>\u00a0<\/div>\n<div>De lo que se tratar\u00eda es de aprobar un borrador que ha venido siendo trabajado en las \u00faltimas semanas por un grupo de expertos \u00a0junto a obispos delegados. El mensaje o comunicado presentar\u00eda un panorama sobre la falta de seguridad ciudadana y la espiral de violencia indetenible en las ciudades; as\u00ed como una advertencia sobre el alt\u00edsimo nivel de corrupci\u00f3n en los gobiernos locales, que ha llevado a la c\u00e1rcel a autoridades regionales y municipales durante el pleno ejercicio del poder.<\/div>\n<div>\u00a0<\/div>\n<div>La voz de los obispos era reclamada por varios sectores de la opini\u00f3n p\u00fablica, sobre todo ante las recientes cifras reveladas por la encuestadora Ipsos en un estudio de alcance nacional, donde se \u00a0indica que entre los que desaprueban la gesti\u00f3n del actual gobierno del presidente Ollanta Humala, el 47% reclama que existe corrupci\u00f3n en el gobierno y hay un 43% que se\u00f1ala a la delincuencia (inseguridad ciudadana), como un mal sin resolver por parte de las autoridades.<\/div>\n<div>\u00a0<\/div>\n<div><strong>Nuevas responsabilidades<\/strong><\/div>\n<div>\u00a0<\/div>\n<div>La Asamblea de los obispos tendr\u00e1 tambi\u00e9n como tarea elegir a nuevas autoridades para el periodo 2015-2018. Esta elecci\u00f3n incluye al Presidente y a los Vice Presidentes, as\u00ed como a los presidentes de las ocho Comisiones episcopales que agrupan a diferentes secciones pastorales.<\/div>\n<div>\u00a0<\/div>\n<div>A estos se suman el presidente del Consejo Econ\u00f3mico, los tres miembros de las regiones: Costa, Sierra y Selva para el Consejo Permanente, as\u00ed como a tres miembros integrantes m\u00e1s del Consejo Permanente.<\/div>\n<div>\u00a0<\/div>\n<div>Otros cargos que entrar\u00e1n a la balota son el delegado titular y el suplente ante el Consejo Episcopal Latinoamericano (CELAM), y los delegados y sustitutos al S\u00ednodo de los Obispos.<\/div>\n<div>\u00a0<\/div>\n<div>Fuente: aleteia.org<\/div>\n<p><a href=\"http:\/\/web.hilo.org.pe\/wp-content\/uploads\/obispos2.jpg\" target=\"_blank\" rel=\"noopener\">Ver archivo adjunto<\/a><\/p>\n","protected":false},"excerpt":{"rendered":"<p>Desde el lunes 19 y hasta el viernes 23 se realizar? en Lima la 105? Asamblea Plenaria de los Obispos del Per?, quienes representan a 45 jurisdicciones eclesi?sticas.<\/p>\n","protected":false},"author":1,"featured_media":1232,"comment_status":"closed","ping_status":"closed","sticky":false,"template":"","format":"standard","meta":{"footnotes":""},"categories":[9],"tags":[],"class_list":["post-2160","post","type-post","status-publish","format-standard","has-post-thumbnail","hentry","category-noticias"],"_links":{"self":[{"href":"https:\/\/ceas.org.pe\/index.php\/wp-json\/wp\/v2\/posts\/2160","targetHints":{"allow":["GET"]}}],"collection":[{"href":"https:\/\/ceas.org.pe\/index.php\/wp-json\/wp\/v2\/posts"}],"about":[{"href":"https:\/\/ceas.org.pe\/index.php\/wp-json\/wp\/v2\/types\/post"}],"author":[{"embeddable":true,"href":"https:\/\/ceas.org.pe\/index.php\/wp-json\/wp\/v2\/users\/1"}],"replies":[{"embeddable":true,"href":"https:\/\/ceas.org.pe\/index.php\/wp-json\/wp\/v2\/comments?post=2160"}],"version-history":[{"count":1,"href":"https:\/\/ceas.org.pe\/index.php\/wp-json\/wp\/v2\/posts\/2160\/revisions"}],"predecessor-version":[{"id":7059,"href":"https:\/\/ceas.org.pe\/index.php\/wp-json\/wp\/v2\/posts\/2160\/revisions\/7059"}],"wp:featuredmedia":[{"embeddable":true,"href":"https:\/\/ceas.org.pe\/index.php\/wp-json\/wp\/v2\/media\/1232"}],"wp:attachment":[{"href":"https:\/\/ceas.org.pe\/index.php\/wp-json\/wp\/v2\/media?parent=2160"}],"wp:term":[{"taxonomy":"category","embeddable":true,"href":"https:\/\/ceas.org.pe\/index.php\/wp-json\/wp\/v2\/categories?post=2160"},{"taxonomy":"post_tag","embeddable":true,"href":"https:\/\/ceas.org.pe\/index.php\/wp-json\/wp\/v2\/tags?post=2160"}],"curies":[{"name":"wp","href":"https:\/\/api.w.org\/{rel}","templated":true}]}}