{"id":2158,"date":"2015-01-19T10:20:22","date_gmt":"2015-01-19T10:20:22","guid":{"rendered":""},"modified":"2026-03-11T09:12:16","modified_gmt":"2026-03-11T14:12:16","slug":"hoy-se-inicia-105-asamblea-plenaria-de-obispos-del-pero","status":"publish","type":"post","link":"https:\/\/ceas.org.pe\/index.php\/2015\/01\/19\/hoy-se-inicia-105-asamblea-plenaria-de-obispos-del-pero\/","title":{"rendered":"Hoy se inicia 105 Asamblea Plenaria de Obispos del Per\u00f3"},"content":{"rendered":"<div>Con una Solemne Misa concelebrada por todos los Obispos del Per\u00fa, este lunes 19 de enero se dar\u00e1 inicio a la 105\u00aa Asamblea Plenaria del Episcopado Peruano. La Santa Misa se celebrar\u00e1 a las 9:30 de la ma\u00f1ana en la Parroquia San Antonio de Padua (Av. San Felipe s\/n), en Jes\u00fas Mar\u00eda. Ser\u00e1 concelebrada por Monse\u00f1or Salvador Pi\u00f1eiro, Arzobispo de Ayacucho y Presidente de la Conferencia Episcopal Peruana; junto a todos los Obispos de nuestro pa\u00eds.<\/div>\n<div>\u00a0<\/div>\n<div>La 105\u00aa Asamblea de los Obispos se realizar\u00e1 hasta el viernes 24 de enero en la sede de la Conferencia Episcopal Peruana (Jr. Estados Unidos 838 \u2013 Jes\u00fas Mar\u00eda). Durante esta reuni\u00f3n, los Obispos elegir\u00e1n al nuevo Presidente de la Conferencia Episcopal Peruana, para el per\u00edodo enero 2015 \u2013 enero 2018. Asimismo, durante la Asamblea, los Obispos del Per\u00fa entregar\u00e1n la Medalla de Santo Toribio de Mogrovejo a las personas e instituciones que han resaltado por su trabajo en favor de la Iglesia en el Per\u00fa. (Fuente: CEP)<\/div>\n<p><a href=\"http:\/\/web.hilo.org.pe\/wp-content\/uploads\/solemnemisa.jpg\" target=\"_blank\" rel=\"noopener\">Ver archivo adjunto<\/a><\/p>\n","protected":false},"excerpt":{"rendered":"<p>Con una Solemne Misa concelebrada por todos los Obispos del Per?, este lunes 19 de enero se dar? inicio a la 105? Asamblea Plenaria del Episcopado Peruano. La Santa Misa se celebrar? a las 9:30 de la ma?ana en la Parroquia San Antonio de Padua (Av. San Felipe s\/n), en Jes?s Mar?a. Ser? concelebrada por Monse?or Salvador Pi?eiro, Arzobispo de Ayacucho y Presidente de la Conferencia Episcopal Peruana; junto a todos los Obispos de nuestro pa?s.<\/p>\n","protected":false},"author":1,"featured_media":1232,"comment_status":"closed","ping_status":"closed","sticky":false,"template":"","format":"standard","meta":{"footnotes":""},"categories":[9],"tags":[],"class_list":["post-2158","post","type-post","status-publish","format-standard","has-post-thumbnail","hentry","category-noticias"],"_links":{"self":[{"href":"https:\/\/ceas.org.pe\/index.php\/wp-json\/wp\/v2\/posts\/2158","targetHints":{"allow":["GET"]}}],"collection":[{"href":"https:\/\/ceas.org.pe\/index.php\/wp-json\/wp\/v2\/posts"}],"about":[{"href":"https:\/\/ceas.org.pe\/index.php\/wp-json\/wp\/v2\/types\/post"}],"author":[{"embeddable":true,"href":"https:\/\/ceas.org.pe\/index.php\/wp-json\/wp\/v2\/users\/1"}],"replies":[{"embeddable":true,"href":"https:\/\/ceas.org.pe\/index.php\/wp-json\/wp\/v2\/comments?post=2158"}],"version-history":[{"count":1,"href":"https:\/\/ceas.org.pe\/index.php\/wp-json\/wp\/v2\/posts\/2158\/revisions"}],"predecessor-version":[{"id":7060,"href":"https:\/\/ceas.org.pe\/index.php\/wp-json\/wp\/v2\/posts\/2158\/revisions\/7060"}],"wp:featuredmedia":[{"embeddable":true,"href":"https:\/\/ceas.org.pe\/index.php\/wp-json\/wp\/v2\/media\/1232"}],"wp:attachment":[{"href":"https:\/\/ceas.org.pe\/index.php\/wp-json\/wp\/v2\/media?parent=2158"}],"wp:term":[{"taxonomy":"category","embeddable":true,"href":"https:\/\/ceas.org.pe\/index.php\/wp-json\/wp\/v2\/categories?post=2158"},{"taxonomy":"post_tag","embeddable":true,"href":"https:\/\/ceas.org.pe\/index.php\/wp-json\/wp\/v2\/tags?post=2158"}],"curies":[{"name":"wp","href":"https:\/\/api.w.org\/{rel}","templated":true}]}}