{"id":2150,"date":"2015-01-13T09:42:13","date_gmt":"2015-01-13T09:42:13","guid":{"rendered":""},"modified":"2026-03-11T09:12:16","modified_gmt":"2026-03-11T14:12:16","slug":"cusco-nuevo-arzobispo-visito-seminario-san-antonio-de-abad-y-odec","status":"publish","type":"post","link":"https:\/\/ceas.org.pe\/index.php\/2015\/01\/13\/cusco-nuevo-arzobispo-visito-seminario-san-antonio-de-abad-y-odec\/","title":{"rendered":"Cusco: nuevo arzobispo visit\u00f3 Seminario San Antonio de Abad y ODEC"},"content":{"rendered":"<p>\u00a0El Arzobispo del Cusco, Mons. Richard Daniel Alarc\u00f3n Urrutia, realiz\u00f3 el \u00faltimo viernes, una rauda visita a las instalaciones del Seminario San Antonio Abad, casa de formaci\u00f3n sacerdotal del Cusco; as\u00ed como a la Oficina Diocesana de Educaci\u00f3n Cat\u00f3lica del Cusco, ODEC, que se encuentra alojada en ambientes de la Parroquia San Antonio Abad.\u00a0<\/p>\n<div>\u00a0<\/div>\n<div>Esta primera visita al Seminario, le ha permitido al Arzobispo del Cusco, conocer la actual situaci\u00f3n de infraestructura de la residencia de los seminaristas y sacerdotes; las aulas de formaci\u00f3n y capillas. Mientras que en la ODEC, tom\u00f3 conocimiento del importante trabajo que se realiza en el \u00e1rea de Educaci\u00f3n Religiosa en nuestra regi\u00f3n.<\/div>\n<div>\u00a0<\/div>\n<div>La Directora de la ODEC, Mg. Leonor Arana Le\u00f3n, inform\u00f3 sobre el rol de actividades que realiza esta instituci\u00f3n durante el a\u00f1o y su participaci\u00f3n en la Colectas de la Obras Misionales Pontificias, as\u00ed mismo, sobre su trabajo pastoral en coordinaci\u00f3n con las diferentes parroquias y su relaci\u00f3n laboral con las diferentes Unidades de Gesti\u00f3n Educativa Local, tanto en Cusco como en provincias. Por su parte, Mons. Richard Daniel Alarc\u00f3n Urrutia, les record\u00f3 lo importante que es la asignatura de Educaci\u00f3n Religiosa para el trabajo pastoral de la Iglesia y para la formaci\u00f3n de valores de nuestros ni\u00f1os y j\u00f3venes, que son importantes agentes en nuestra misi\u00f3n evangelizadora.<\/div>\n<div>\u00a0<\/div>\n<div>Fuente: arzobispadodelcusco.org<\/div>\n<div>\u00a0<\/div>\n<p><a href=\"http:\/\/web.hilo.org.pe\/wp-content\/uploads\/sanantonioabad.jpg\" target=\"_blank\" rel=\"noopener\">Ver archivo adjunto<\/a><\/p>\n","protected":false},"excerpt":{"rendered":"<p>El Arzobispo del Cusco, Mons. Richard Daniel Alarc?n Urrutia, realiz? el ?ltimo viernes, una rauda visita a las instalaciones del Seminario San Antonio Abad, casa de formaci?n sacerdotal del Cusco; as? como a la Oficina Diocesana de Educaci?n Cat?lica del Cusco, ODEC, que se encuentra alojada en ambientes de la Parroquia San Antonio Abad.<\/p>\n","protected":false},"author":1,"featured_media":7943,"comment_status":"closed","ping_status":"closed","sticky":false,"template":"","format":"standard","meta":{"footnotes":""},"categories":[9],"tags":[],"class_list":["post-2150","post","type-post","status-publish","format-standard","has-post-thumbnail","hentry","category-noticias"],"_links":{"self":[{"href":"https:\/\/ceas.org.pe\/index.php\/wp-json\/wp\/v2\/posts\/2150","targetHints":{"allow":["GET"]}}],"collection":[{"href":"https:\/\/ceas.org.pe\/index.php\/wp-json\/wp\/v2\/posts"}],"about":[{"href":"https:\/\/ceas.org.pe\/index.php\/wp-json\/wp\/v2\/types\/post"}],"author":[{"embeddable":true,"href":"https:\/\/ceas.org.pe\/index.php\/wp-json\/wp\/v2\/users\/1"}],"replies":[{"embeddable":true,"href":"https:\/\/ceas.org.pe\/index.php\/wp-json\/wp\/v2\/comments?post=2150"}],"version-history":[{"count":1,"href":"https:\/\/ceas.org.pe\/index.php\/wp-json\/wp\/v2\/posts\/2150\/revisions"}],"predecessor-version":[{"id":7068,"href":"https:\/\/ceas.org.pe\/index.php\/wp-json\/wp\/v2\/posts\/2150\/revisions\/7068"}],"wp:featuredmedia":[{"embeddable":true,"href":"https:\/\/ceas.org.pe\/index.php\/wp-json\/wp\/v2\/media\/7943"}],"wp:attachment":[{"href":"https:\/\/ceas.org.pe\/index.php\/wp-json\/wp\/v2\/media?parent=2150"}],"wp:term":[{"taxonomy":"category","embeddable":true,"href":"https:\/\/ceas.org.pe\/index.php\/wp-json\/wp\/v2\/categories?post=2150"},{"taxonomy":"post_tag","embeddable":true,"href":"https:\/\/ceas.org.pe\/index.php\/wp-json\/wp\/v2\/tags?post=2150"}],"curies":[{"name":"wp","href":"https:\/\/api.w.org\/{rel}","templated":true}]}}