{"id":2148,"date":"2015-01-12T12:03:03","date_gmt":"2015-01-12T12:03:03","guid":{"rendered":""},"modified":"2026-03-11T09:12:16","modified_gmt":"2026-03-11T14:12:16","slug":"semana-de-oracion-por-la-unidad-de-los-cristianos-3","status":"publish","type":"post","link":"https:\/\/ceas.org.pe\/index.php\/2015\/01\/12\/semana-de-oracion-por-la-unidad-de-los-cristianos-3\/","title":{"rendered":"Semana de Oraci\u00f3n por la Unidad de los Cristianos"},"content":{"rendered":"<p>Con diversas jornadas ecum\u00e9nicas de reflexi\u00f3n y oraci\u00f3n se celebrar\u00e1 del 17 al 24 de enero la Semana de Oraci\u00f3n por la Unidad de los Cristianos, evento promovido por el Comit\u00e9 Interconfesional para la Unidad de los Cristianos, integrados por diversas confesiones cristianas entre las cuales est\u00e1 presente la Conferencia Episcopal Peruana, a trav\u00e9s de la Comisi\u00f3n Episcopal de Misi\u00f3n y Espiritualidad.<\/p>\n<div>\u00a0<\/div>\n<div>Esta Semana de Oraci\u00f3n se iniciar\u00e1 el s\u00e1bado 17 con acto ecum\u00e9nico, en el Parque Salazar Bondy, en Miraflores, de 6:00 a 9:00 p.m. Posteriormente, cada d\u00eda se celebrar\u00e1 una jornada en diversas sedes.\u00a0<\/div>\n<div>\u00a0<\/div>\n<div>La celebraci\u00f3n central se realizar\u00e1 con una Jornada de Oraci\u00f3n por la Unidad de los Cristianos, el s\u00e1bado 24 de enero, en la Casa del Movimiento de los Focolares, en el distrito de Magdalena del Mar.<\/div>\n<div>\u00a0<\/div>\n<div>La Semana de Oraci\u00f3n por la Unidad de los Cristianos, naci\u00f3 a principios del siglo XX, con un \u201cOctavario de oraci\u00f3n por la unidad de la Iglesia\u201d. Por el lado de la Iglesia Cat\u00f3lica, existe el Pontificio Consejo para la Unidad de los Cristianos, que es un organismo de la Santa Sede, que ve los temas de asuntos ecum\u00e9nicos. (Fuente: CEP)<\/div>\n<p><a href=\"http:\/\/web.hilo.org.pe\/wp-content\/uploads\/semanaoracion.png\" target=\"_blank\" rel=\"noopener\">Ver archivo adjunto<\/a><\/p>\n","protected":false},"excerpt":{"rendered":"<p>Con diversas jornadas ecum?nicas de reflexi?n y oraci?n se celebrar? del 17 al 24 de enero la Semana de Oraci?n por la Unidad de los Cristianos, evento promovido por el Comit? Interconfesional para la Unidad de los Cristianos, integrados por diversas confesiones cristianas entre las cuales est? presente la Conferencia Episcopal Peruana, a trav?s de la Comisi?n Episcopal de Misi?n y Espiritualidad.<\/p>\n","protected":false},"author":1,"featured_media":7881,"comment_status":"closed","ping_status":"closed","sticky":false,"template":"","format":"standard","meta":{"footnotes":""},"categories":[9],"tags":[],"class_list":["post-2148","post","type-post","status-publish","format-standard","has-post-thumbnail","hentry","category-noticias"],"_links":{"self":[{"href":"https:\/\/ceas.org.pe\/index.php\/wp-json\/wp\/v2\/posts\/2148","targetHints":{"allow":["GET"]}}],"collection":[{"href":"https:\/\/ceas.org.pe\/index.php\/wp-json\/wp\/v2\/posts"}],"about":[{"href":"https:\/\/ceas.org.pe\/index.php\/wp-json\/wp\/v2\/types\/post"}],"author":[{"embeddable":true,"href":"https:\/\/ceas.org.pe\/index.php\/wp-json\/wp\/v2\/users\/1"}],"replies":[{"embeddable":true,"href":"https:\/\/ceas.org.pe\/index.php\/wp-json\/wp\/v2\/comments?post=2148"}],"version-history":[{"count":1,"href":"https:\/\/ceas.org.pe\/index.php\/wp-json\/wp\/v2\/posts\/2148\/revisions"}],"predecessor-version":[{"id":7070,"href":"https:\/\/ceas.org.pe\/index.php\/wp-json\/wp\/v2\/posts\/2148\/revisions\/7070"}],"wp:featuredmedia":[{"embeddable":true,"href":"https:\/\/ceas.org.pe\/index.php\/wp-json\/wp\/v2\/media\/7881"}],"wp:attachment":[{"href":"https:\/\/ceas.org.pe\/index.php\/wp-json\/wp\/v2\/media?parent=2148"}],"wp:term":[{"taxonomy":"category","embeddable":true,"href":"https:\/\/ceas.org.pe\/index.php\/wp-json\/wp\/v2\/categories?post=2148"},{"taxonomy":"post_tag","embeddable":true,"href":"https:\/\/ceas.org.pe\/index.php\/wp-json\/wp\/v2\/tags?post=2148"}],"curies":[{"name":"wp","href":"https:\/\/api.w.org\/{rel}","templated":true}]}}