{"id":2146,"date":"2015-01-09T16:54:55","date_gmt":"2015-01-09T16:54:55","guid":{"rendered":""},"modified":"2026-03-11T09:12:16","modified_gmt":"2026-03-11T14:12:16","slug":"el-2015-fue-declarado-aoo-internacional-del-los-suelos","status":"publish","type":"post","link":"https:\/\/ceas.org.pe\/index.php\/2015\/01\/09\/el-2015-fue-declarado-aoo-internacional-del-los-suelos\/","title":{"rendered":"El 2015 fue declarado A\u00f3o Internacional del los Suelos"},"content":{"rendered":"<p>Lima.- La Organizaci\u00f3n de las Naciones Unidas aprob\u00f3 declarar el 2015 como \u201cA\u00f1o Internacional de los Suelos (AIS)\u201d, con el objetivo de crear conciencia acerca de la importancia de contar con unos \u201cSuelos sanos para una vida sana\u201d.<\/p>\n<div>\u00a0<\/div>\n<div>La comunidad cient\u00edfica de los suelos a nivel mundial se ha comprometido a promover la gesti\u00f3n sostenible de nuestros silenciosos aliados, los suelos, y despertar la conciencia en la opini\u00f3n p\u00fablica.<\/div>\n<div>\u00a0<\/div>\n<div>Los interesados en compartir eventos que se celebrar\u00e1n con ocasi\u00f3n del D\u00eda Mundial del Suelo o actividades relacionadas con el AIS previstas para 2015, env\u00ede un correo electr\u00f3nico a soils-2015@fao.org \u00a0y se agregar\u00e1n al calendario de eventos del AIS.\u00a0<\/div>\n<div>\u00a0<\/div>\n<div>El A\u00f1o Internacional de los Suelos (AIS) fue presentado durante la primera celebraci\u00f3n oficial del D\u00eda Mundial del Suelo 2014 de las Naciones Unidas.\u00a0<\/div>\n<div>\u00a0<\/div>\n<div>\u00a0El lanzamiento se hizo en el marco del 69\u00ba per\u00edodo de sesiones de la Asamblea General de las Naciones Unidas en Nueva York, junto con eventos simult\u00e1neos en Bangkok, Roma y Santiago de Chile. El Director General inaugur\u00f3 el evento el pasado 5 de diciembre en Roma.<\/div>\n<div>\u00a0<\/div>\n<div>OFICINA DE COMUNICACIONES E IMAGEN INSTITUCIONAL<\/div>\n<div>MINISTERIO DE AGRICULTURA Y RIEGO<\/div>\n<p><a href=\"http:\/\/web.hilo.org.pe\/wp-content\/uploads\/20150109_anodelossuleos.jpg\" target=\"_blank\" rel=\"noopener\">Ver archivo adjunto<\/a><\/p>\n","protected":false},"excerpt":{"rendered":"<p>Lima.- La Organizaci?n de las Naciones Unidas aprob? declarar el 2015 como ?A?o Internacional de los Suelos (AIS)?, con el objetivo de crear conciencia acerca de la importancia de contar con unos ?Suelos sanos para una vida sana?.<\/p>\n","protected":false},"author":1,"featured_media":0,"comment_status":"closed","ping_status":"closed","sticky":false,"template":"","format":"standard","meta":{"footnotes":""},"categories":[9],"tags":[],"class_list":["post-2146","post","type-post","status-publish","format-standard","hentry","category-noticias"],"_links":{"self":[{"href":"https:\/\/ceas.org.pe\/index.php\/wp-json\/wp\/v2\/posts\/2146","targetHints":{"allow":["GET"]}}],"collection":[{"href":"https:\/\/ceas.org.pe\/index.php\/wp-json\/wp\/v2\/posts"}],"about":[{"href":"https:\/\/ceas.org.pe\/index.php\/wp-json\/wp\/v2\/types\/post"}],"author":[{"embeddable":true,"href":"https:\/\/ceas.org.pe\/index.php\/wp-json\/wp\/v2\/users\/1"}],"replies":[{"embeddable":true,"href":"https:\/\/ceas.org.pe\/index.php\/wp-json\/wp\/v2\/comments?post=2146"}],"version-history":[{"count":1,"href":"https:\/\/ceas.org.pe\/index.php\/wp-json\/wp\/v2\/posts\/2146\/revisions"}],"predecessor-version":[{"id":7072,"href":"https:\/\/ceas.org.pe\/index.php\/wp-json\/wp\/v2\/posts\/2146\/revisions\/7072"}],"wp:attachment":[{"href":"https:\/\/ceas.org.pe\/index.php\/wp-json\/wp\/v2\/media?parent=2146"}],"wp:term":[{"taxonomy":"category","embeddable":true,"href":"https:\/\/ceas.org.pe\/index.php\/wp-json\/wp\/v2\/categories?post=2146"},{"taxonomy":"post_tag","embeddable":true,"href":"https:\/\/ceas.org.pe\/index.php\/wp-json\/wp\/v2\/tags?post=2146"}],"curies":[{"name":"wp","href":"https:\/\/api.w.org\/{rel}","templated":true}]}}