{"id":2145,"date":"2015-01-09T16:49:26","date_gmt":"2015-01-09T16:49:26","guid":{"rendered":""},"modified":"2026-03-11T09:12:16","modified_gmt":"2026-03-11T14:12:16","slug":"red-de-solidaridad-por-la-crisis-de-obola-pide-el-papa","status":"publish","type":"post","link":"https:\/\/ceas.org.pe\/index.php\/2015\/01\/09\/red-de-solidaridad-por-la-crisis-de-obola-pide-el-papa\/","title":{"rendered":"Red de solidaridad por la crisis de \u00f3bola pide el Papa"},"content":{"rendered":"<p>El Consejo Pontificio para la Justicia y la Paz inform\u00f3 que la Santa Sede ha realizado una contribuci\u00f3n financiera para la Iglesia Cat\u00f3lica en los tres pa\u00edses afectados por la crisis de \u00c9bola \u2013Sierra Le\u00f3n, Guinea y Liberia- estos fondos estar\u00e1n a disposici\u00f3n de las estructuras sostenidas por la Iglesia para mejorar la asistencia que ofrecen en instituciones sanitarias e iniciativas comunitarias destinadas a la cura pastoral de enfermos y del personal sanitario.<\/p>\n<div>\u00a0<\/div>\n<div>Monse\u00f1or Robert Vitillo, asesor de Caritas Internationalis en la delegaci\u00f3n de la Santa Sede ante las Naciones Unidas en Ginebra explica a Radio Vaticano que la ayuda es para toda la poblaci\u00f3n y no s\u00f3lo para los cristianos.<\/div>\n<div>\u00a0<\/div>\n<div>Adem\u00e1s, Mons. Vitillo recuerda los recientes llamados del Papa a la oraci\u00f3n y a la ayuda concreta en esta crisis de \u00c9bola. En concreto, el Obispo de Roma ha sugerido crear una red de solidaridad para estos pa\u00edses m\u00e1s tocados por el \u00c9bola.<\/div>\n<div>\u00a0<\/div>\n<div>Para Radio Vaticano, MTC<\/div>\n<div>\u00a0<\/div>\n<div>(Fuente: Vatican Radio)<\/div>\n<p><a href=\"http:\/\/web.hilo.org.pe\/wp-content\/uploads\/ebola.jpg\" target=\"_blank\" rel=\"noopener\">Ver archivo adjunto<\/a><\/p>\n","protected":false},"excerpt":{"rendered":"<p>El Consejo Pontificio para la Justicia y la Paz inform? que la Santa Sede ha realizado una contribuci?n financiera para la Iglesia Cat?lica en los tres pa?ses afectados por la crisis de ?bola ?Sierra Le?n, Guinea y Liberia- estos fondos estar?n a disposici?n de las estructuras sostenidas por la Iglesia para mejorar la asistencia que ofrecen en instituciones sanitarias e iniciativas comunitarias destinadas a la cura pastoral de enfermos y del personal sanitario.<\/p>\n","protected":false},"author":1,"featured_media":7874,"comment_status":"closed","ping_status":"closed","sticky":false,"template":"","format":"standard","meta":{"footnotes":""},"categories":[9],"tags":[],"class_list":["post-2145","post","type-post","status-publish","format-standard","has-post-thumbnail","hentry","category-noticias"],"_links":{"self":[{"href":"https:\/\/ceas.org.pe\/index.php\/wp-json\/wp\/v2\/posts\/2145","targetHints":{"allow":["GET"]}}],"collection":[{"href":"https:\/\/ceas.org.pe\/index.php\/wp-json\/wp\/v2\/posts"}],"about":[{"href":"https:\/\/ceas.org.pe\/index.php\/wp-json\/wp\/v2\/types\/post"}],"author":[{"embeddable":true,"href":"https:\/\/ceas.org.pe\/index.php\/wp-json\/wp\/v2\/users\/1"}],"replies":[{"embeddable":true,"href":"https:\/\/ceas.org.pe\/index.php\/wp-json\/wp\/v2\/comments?post=2145"}],"version-history":[{"count":1,"href":"https:\/\/ceas.org.pe\/index.php\/wp-json\/wp\/v2\/posts\/2145\/revisions"}],"predecessor-version":[{"id":7073,"href":"https:\/\/ceas.org.pe\/index.php\/wp-json\/wp\/v2\/posts\/2145\/revisions\/7073"}],"wp:featuredmedia":[{"embeddable":true,"href":"https:\/\/ceas.org.pe\/index.php\/wp-json\/wp\/v2\/media\/7874"}],"wp:attachment":[{"href":"https:\/\/ceas.org.pe\/index.php\/wp-json\/wp\/v2\/media?parent=2145"}],"wp:term":[{"taxonomy":"category","embeddable":true,"href":"https:\/\/ceas.org.pe\/index.php\/wp-json\/wp\/v2\/categories?post=2145"},{"taxonomy":"post_tag","embeddable":true,"href":"https:\/\/ceas.org.pe\/index.php\/wp-json\/wp\/v2\/tags?post=2145"}],"curies":[{"name":"wp","href":"https:\/\/api.w.org\/{rel}","templated":true}]}}