{"id":2136,"date":"2015-01-05T10:33:05","date_gmt":"2015-01-05T10:33:05","guid":{"rendered":""},"modified":"2026-03-11T09:12:17","modified_gmt":"2026-03-11T14:12:17","slug":"universalidad-de-la-iglesia-y-periferias-del-mundo-nuevos-cardenales-anunciados-por-el-papa","status":"publish","type":"post","link":"https:\/\/ceas.org.pe\/index.php\/2015\/01\/05\/universalidad-de-la-iglesia-y-periferias-del-mundo-nuevos-cardenales-anunciados-por-el-papa\/","title":{"rendered":"Universalidad de la Iglesia y periferias del mundo, nuevos cardenales anunciados por el Papa"},"content":{"rendered":"<p>\u00abEs evidente que el criterio que ha guiado al Papa Francisco para elegir a los nuevos cardenales es la universalidad: en efecto entre los electores y los em\u00e9ritos, los pa\u00edses del mundo representados son 18\u00bb, se\u00f1ala en una nota el Padre Federico Lombardi, director de la Oficina de Prensa de la Santa Sede. No s\u00f3lo \u2013 a\u00f1ade \u2013 entre las 14 naciones de proveniencia de los purpurados electores, 6 no ten\u00eda un cardenal o nunca lo hab\u00edan tenido. Como Cabo Verde, Tonga o Myanmar, o se trata de comunidades eclesiales peque\u00f1as o en situaci\u00f3n de minor\u00eda. La Di\u00f3cesis de Santiago de Cabo Verde, por ejemplo, \u00abes una de las m\u00e1s antiguas Di\u00f3cesis africanas\u00bb, al tiempo que la de Morelia, en M\u00e9xico, \u00abse encuentra en una regi\u00f3n sacudida por la violencia\u00bb.<\/p>\n<div>\u00a0<\/div>\n<div>El P. Lombardi subraya asimismo que es s\u00f3lo uno el nuevo Cardenal de la Curia Romana, Dominique Mamberti, porque \u00abevidentemente el Papa desea considerar cargos cardenalicios los de los Prefectos de las Congregaciones y de otras pocas instituciones muy importantes de la Curia, como en este caso el Tribunal de la Signatura\u00bb.<\/div>\n<div>\u00a0<\/div>\n<div>Al mismo tiempo, \u00abse confirma que el Papa no se siente vinculado a la tradici\u00f3n de las \u2018sedes cardenalicias\u2019, afianzada en razones hist\u00f3ricas en diversos pa\u00edses, por lo que el cardenalato se consideraba casi \u2018autom\u00e1ticamente\u2019 ligado a dichas sedes\u00bb. En lo que respecta a los em\u00e9ritos, el director de la Oficina de Prensa subraya que \u00abel nombramiento cardenalicio quiere ser un reconocimiento dado simb\u00f3licamente a algunos, pero reconociendo los m\u00e9ritos de todos\u00bb.<\/div>\n<div>\u00a0<\/div>\n<div>Por lo que se refiere a algunos datos estad\u00edsticos, el P. Lombardi se\u00f1al\u00f3 que \u00abcon respecto al n\u00famero de 120 electores, hab\u00edan quedado 12 puestos \u2018libres\u2019 en el Colegio Cardenalicio, en la actualidad o en los pr\u00f3ximos meses. El Papa ha superado ligeramente este n\u00famero, pero se ha mantenido muy cerca del mismo, de modo que queda sustancialmente respetado\u00bb.<\/div>\n<div>\u00a0<\/div>\n<div>El nuevo Cardenal m\u00e1s joven es el Arzobispo de Tonga, Mons. Mafi \u2013 de 54 a\u00f1os de edad, por lo que es el purpurado m\u00e1s joven del Colegio Cardenalicio \u2013 al tiempo que el m\u00e1s anciano es el em\u00e9rito de Manizales, Mons. Pimiento Rodr\u00edguez. (CdM \u2013 RV)<\/div>\n<div>\u00a0<\/div>\n<div>Fuente: Vatican Radio<\/div>\n<p><a href=\"http:\/\/web.hilo.org.pe\/wp-content\/uploads\/universalidad.jpg\" target=\"_blank\" rel=\"noopener\">Ver archivo adjunto<\/a><\/p>\n","protected":false},"excerpt":{"rendered":"<p>?Es evidente que el criterio que ha guiado al Papa Francisco para elegir a los nuevos cardenales es la universalidad: en efecto entre los electores y los em?ritos, los pa?ses del mundo representados son 18?, se?ala en una nota el Padre Federico Lombardi, director de la Oficina de Prensa de la Santa Sede. No s?lo ? a?ade ? entre las 14 naciones de proveniencia de los purpurados electores, 6 no ten?a un cardenal o nunca lo hab?an tenido. Como Cabo Verde, Tonga o Myanmar, o se trata de comunidades eclesiales peque?as o en situaci?n de minor?a.<\/p>\n","protected":false},"author":1,"featured_media":0,"comment_status":"closed","ping_status":"closed","sticky":false,"template":"","format":"standard","meta":{"footnotes":""},"categories":[9],"tags":[],"class_list":["post-2136","post","type-post","status-publish","format-standard","hentry","category-noticias"],"_links":{"self":[{"href":"https:\/\/ceas.org.pe\/index.php\/wp-json\/wp\/v2\/posts\/2136","targetHints":{"allow":["GET"]}}],"collection":[{"href":"https:\/\/ceas.org.pe\/index.php\/wp-json\/wp\/v2\/posts"}],"about":[{"href":"https:\/\/ceas.org.pe\/index.php\/wp-json\/wp\/v2\/types\/post"}],"author":[{"embeddable":true,"href":"https:\/\/ceas.org.pe\/index.php\/wp-json\/wp\/v2\/users\/1"}],"replies":[{"embeddable":true,"href":"https:\/\/ceas.org.pe\/index.php\/wp-json\/wp\/v2\/comments?post=2136"}],"version-history":[{"count":1,"href":"https:\/\/ceas.org.pe\/index.php\/wp-json\/wp\/v2\/posts\/2136\/revisions"}],"predecessor-version":[{"id":7082,"href":"https:\/\/ceas.org.pe\/index.php\/wp-json\/wp\/v2\/posts\/2136\/revisions\/7082"}],"wp:attachment":[{"href":"https:\/\/ceas.org.pe\/index.php\/wp-json\/wp\/v2\/media?parent=2136"}],"wp:term":[{"taxonomy":"category","embeddable":true,"href":"https:\/\/ceas.org.pe\/index.php\/wp-json\/wp\/v2\/categories?post=2136"},{"taxonomy":"post_tag","embeddable":true,"href":"https:\/\/ceas.org.pe\/index.php\/wp-json\/wp\/v2\/tags?post=2136"}],"curies":[{"name":"wp","href":"https:\/\/api.w.org\/{rel}","templated":true}]}}