{"id":2132,"date":"2014-12-30T09:51:47","date_gmt":"2014-12-30T09:51:47","guid":{"rendered":""},"modified":"2026-03-11T09:12:17","modified_gmt":"2026-03-11T14:12:17","slug":"curso-taller-sobre-educacion-bosica-regular-realizaro-ondec","status":"publish","type":"post","link":"https:\/\/ceas.org.pe\/index.php\/2014\/12\/30\/curso-taller-sobre-educacion-bosica-regular-realizaro-ondec\/","title":{"rendered":"Curso taller sobre Educaci\u00f3n B\u00f3sica Regular realizar\u00f3 ONDEC"},"content":{"rendered":"<p>Del 5 al 9 de enero de 2015 se realizar\u00e1 en Lima el Curso Taller de Verano sobre Educaci\u00f3n B\u00e1sica Regular, organizado por la Oficina Nacional de Educaci\u00f3n Cat\u00f3lica \u2013 ONDEC, y dirigido a coordinadores de las oficinas diocesanas de educaci\u00f3n cat\u00f3lica y docentes de los niveles de inicial, primaria y secundaria.<\/p>\n<div>\u00a0<\/div>\n<div>El curso se realizar\u00e1 en el Instituto Educativo Parroquial \u201cReina de las Am\u00e9ricas\u201d, ubicado en La Victoria, de 8:00 de la ma\u00f1ana a 3:00 de la tarde. El objetivo es acompa\u00f1ar, capacitar y actualizar a los docentes a nivel personal y profesional en el rol de orientadores afectivos y cognitivos en el proceso de formaci\u00f3n integral de los estudiantes.<\/div>\n<div>\u00a0<\/div>\n<div>Para m\u00e1s informaci\u00f3n e inscripciones pueden dirigirse a la Oficina Nacional de Educaci\u00f3n Cat\u00f3lica, ubicado en Jir\u00f3n Estados Unidos 838 \u2013 Jes\u00fas Mar\u00eda. Tel\u00e9fono: 463-4903. Tambi\u00e9n pueden escribir a los correos electr\u00f3nicos: ondec@iglesiacatolica.org.pe \/ondec_cep_2012@hotmail.com Tambi\u00e9n pueden ingresar al sitio web:www.ondec.org (Fuente: CEP)<\/div>\n<p><a href=\"http:\/\/web.hilo.org.pe\/wp-content\/uploads\/20141230_ondec.png\" target=\"_blank\" rel=\"noopener\">Ver archivo adjunto<\/a><\/p>\n","protected":false},"excerpt":{"rendered":"<p>Del 5 al 9 de enero de 2015 se realizar? en Lima el Curso Taller de Verano sobre Educaci?n B?sica Regular, organizado por la Oficina Nacional de Educaci?n Cat?lica ? ONDEC, y dirigido a coordinadores de las oficinas diocesanas de educaci?n cat?lica y docentes de los niveles de inicial, primaria y secundaria.<\/p>\n","protected":false},"author":1,"featured_media":8033,"comment_status":"closed","ping_status":"closed","sticky":false,"template":"","format":"standard","meta":{"footnotes":""},"categories":[9],"tags":[],"class_list":["post-2132","post","type-post","status-publish","format-standard","has-post-thumbnail","hentry","category-noticias"],"_links":{"self":[{"href":"https:\/\/ceas.org.pe\/index.php\/wp-json\/wp\/v2\/posts\/2132","targetHints":{"allow":["GET"]}}],"collection":[{"href":"https:\/\/ceas.org.pe\/index.php\/wp-json\/wp\/v2\/posts"}],"about":[{"href":"https:\/\/ceas.org.pe\/index.php\/wp-json\/wp\/v2\/types\/post"}],"author":[{"embeddable":true,"href":"https:\/\/ceas.org.pe\/index.php\/wp-json\/wp\/v2\/users\/1"}],"replies":[{"embeddable":true,"href":"https:\/\/ceas.org.pe\/index.php\/wp-json\/wp\/v2\/comments?post=2132"}],"version-history":[{"count":1,"href":"https:\/\/ceas.org.pe\/index.php\/wp-json\/wp\/v2\/posts\/2132\/revisions"}],"predecessor-version":[{"id":7086,"href":"https:\/\/ceas.org.pe\/index.php\/wp-json\/wp\/v2\/posts\/2132\/revisions\/7086"}],"wp:featuredmedia":[{"embeddable":true,"href":"https:\/\/ceas.org.pe\/index.php\/wp-json\/wp\/v2\/media\/8033"}],"wp:attachment":[{"href":"https:\/\/ceas.org.pe\/index.php\/wp-json\/wp\/v2\/media?parent=2132"}],"wp:term":[{"taxonomy":"category","embeddable":true,"href":"https:\/\/ceas.org.pe\/index.php\/wp-json\/wp\/v2\/categories?post=2132"},{"taxonomy":"post_tag","embeddable":true,"href":"https:\/\/ceas.org.pe\/index.php\/wp-json\/wp\/v2\/tags?post=2132"}],"curies":[{"name":"wp","href":"https:\/\/api.w.org\/{rel}","templated":true}]}}