{"id":2128,"date":"2014-12-26T09:26:40","date_gmt":"2014-12-26T09:26:40","guid":{"rendered":""},"modified":"2026-03-11T09:12:17","modified_gmt":"2026-03-11T14:12:17","slug":"primer-diccionario-de-la-historia-cultural-de-la-iglesia-en-latinoamorica","status":"publish","type":"post","link":"https:\/\/ceas.org.pe\/index.php\/2014\/12\/26\/primer-diccionario-de-la-historia-cultural-de-la-iglesia-en-latinoamorica\/","title":{"rendered":"Primer diccionario de la historia cultural de la Iglesia en Latinoam\u00f3rica"},"content":{"rendered":"<p>(RV).- El Consejo Pontificio para la Cultura present\u00f3 recientemente en Roma el primer diccionario de la historia cultural de la Iglesia en Latinoam\u00e9rica que re\u00fane cientos de art\u00edculos \u2013muchos de ellos, voces in\u00e9ditas escritas para esta iniciativa- que representan \u201cun servicio importante para la Iglesia en Am\u00e9rica Latina\u201d, como lo explica para Radio Vaticano el padre espa\u00f1ol Fidel Gonz\u00e1lez, coordinador general del proyecto.<\/p>\n<div>\u00a0<\/div>\n<div>Este diccionario nace por iniciativa del Consejo Pontificio para la Cultura y se caracteriza \u201cpor un trabajo de acopio de material bibliogr\u00e1fico y de ordenaci\u00f3n de datos hist\u00f3ricos\u201d para mostrar el influjo que ha tenido y tiene el hecho cristiano en la historia cultural de Latinoam\u00e9rica.<\/div>\n<div>\u00a0<\/div>\n<div>Las lenguas usadas son el espa\u00f1ol y el portugu\u00e9s \u2013teniendo presente la composici\u00f3n ling\u00fc\u00edstica mayoritaria de Latinoam\u00e9rica- y porque se opt\u00f3 por respetar las lenguas usadas por los autores de las voces. El diccionario se encuentra disponible en forma gratuita en el link: www.enciclopedicohistcultiglesiaal.org y fue realizado con el apoyo de la Universidad Popular Aut\u00f3noma del Estado de Puebla, M\u00e9xico (UPAEP).<\/div>\n<div>\u00a0<\/div>\n<div>El coordinador general de este proyecto, el padre espa\u00f1ol Fidel Gonz\u00e1lez relata para los micr\u00f3fonos de Radio Vaticano la importancia de este instrumento de estudio y consulta sencilla para quienes deseen conocer diferentes aspectos de la historia cultural de la Iglesia en Latinoam\u00e9rica.<\/div>\n<div>\u00a0<\/div>\n<div>Fuente: Radio Vaticano, MTC\u00a0<\/div>\n<p><a href=\"http:\/\/web.hilo.org.pe\/wp-content\/uploads\/dicionario.JPG\" target=\"_blank\" rel=\"noopener\">Ver archivo adjunto<\/a><\/p>\n","protected":false},"excerpt":{"rendered":"<p>(RV).- El Consejo Pontificio para la Cultura present? recientemente en Roma el primer diccionario de la historia cultural de la Iglesia en Latinoam?rica que re?ne cientos de art?culos ?muchos de ellos, voces in?ditas escritas para esta iniciativa- que representan ?un servicio importante para la Iglesia en Am?rica Latina?, como lo explica para Radio Vaticano el padre espa?ol Fidel Gonz?lez, coordinador general del proyecto.<\/p>\n","protected":false},"author":1,"featured_media":7857,"comment_status":"closed","ping_status":"closed","sticky":false,"template":"","format":"standard","meta":{"footnotes":""},"categories":[9],"tags":[],"class_list":["post-2128","post","type-post","status-publish","format-standard","has-post-thumbnail","hentry","category-noticias"],"_links":{"self":[{"href":"https:\/\/ceas.org.pe\/index.php\/wp-json\/wp\/v2\/posts\/2128","targetHints":{"allow":["GET"]}}],"collection":[{"href":"https:\/\/ceas.org.pe\/index.php\/wp-json\/wp\/v2\/posts"}],"about":[{"href":"https:\/\/ceas.org.pe\/index.php\/wp-json\/wp\/v2\/types\/post"}],"author":[{"embeddable":true,"href":"https:\/\/ceas.org.pe\/index.php\/wp-json\/wp\/v2\/users\/1"}],"replies":[{"embeddable":true,"href":"https:\/\/ceas.org.pe\/index.php\/wp-json\/wp\/v2\/comments?post=2128"}],"version-history":[{"count":1,"href":"https:\/\/ceas.org.pe\/index.php\/wp-json\/wp\/v2\/posts\/2128\/revisions"}],"predecessor-version":[{"id":7090,"href":"https:\/\/ceas.org.pe\/index.php\/wp-json\/wp\/v2\/posts\/2128\/revisions\/7090"}],"wp:featuredmedia":[{"embeddable":true,"href":"https:\/\/ceas.org.pe\/index.php\/wp-json\/wp\/v2\/media\/7857"}],"wp:attachment":[{"href":"https:\/\/ceas.org.pe\/index.php\/wp-json\/wp\/v2\/media?parent=2128"}],"wp:term":[{"taxonomy":"category","embeddable":true,"href":"https:\/\/ceas.org.pe\/index.php\/wp-json\/wp\/v2\/categories?post=2128"},{"taxonomy":"post_tag","embeddable":true,"href":"https:\/\/ceas.org.pe\/index.php\/wp-json\/wp\/v2\/tags?post=2128"}],"curies":[{"name":"wp","href":"https:\/\/api.w.org\/{rel}","templated":true}]}}