{"id":2127,"date":"2014-12-23T10:14:29","date_gmt":"2014-12-23T10:14:29","guid":{"rendered":""},"modified":"2026-03-11T09:12:17","modified_gmt":"2026-03-11T14:12:17","slug":"convertid-la-navidad-en-una-ocasion-para-cuidar-dice-el-papa","status":"publish","type":"post","link":"https:\/\/ceas.org.pe\/index.php\/2014\/12\/23\/convertid-la-navidad-en-una-ocasion-para-cuidar-dice-el-papa\/","title":{"rendered":"\u00bbConvertid la Navidad en una ocasi\u00f3n para cuidar\u00bb, dice el Papa"},"content":{"rendered":"<p>Ciudad del Vaticano (VIS).-El Santo Padre ha encontrado esta ma\u00f1ana a los trabajadores de la Santa Sede a los que ha agradecido calurosamente su trabajo. A los italianos, ha dedicado unas palabras especiales porque &#8216;durante toda la historia de la Iglesia y de la Curia Romana han trabajado habitualmente con \u00e1nimo generoso y fiel, poniendo al servicio de la Santa Sede y del Sucesor de Pedro, su singular laboriosidad y su devoci\u00f3n filial, sosteniendo a los grandes santos, Papas, m\u00e1rtires, misioneros y artistas que ninguna sombra podr\u00e1 empa\u00f1ar jam\u00e1s&#8217;.Y no ha olvidado a los trabajadores de otros pa\u00edses &#8216;que trabajan generosamente lejos de su Patria y de sus familias, y que representan para la Curia el rostro de la Catolicidad de la Iglesia&#8217;.<\/p>\n<p>El Papa anim\u00f3 a todos a meditar sobre el texto que un par de horas antes ley\u00f3 a la Curia, para que tambi\u00e9n hicieran &#8216;un examen de conciencia en preparaci\u00f3n de la Santa Navidad y del A\u00f1o Nuevo&#8217;, exhort\u00e1ndoles a acercarse al Sacramento de la Confesi\u00f3n &#8216;con \u00e1nimo d\u00f3cil para recibir la misericordia del Se\u00f1or que llama a la puerta de nuestro coraz\u00f3n, en la alegr\u00eda de la familia. &#8216;Gracias a vuestro compromiso diario y a vuestro esfuerzo -dijo- la Curia se expresa como un cuerpo vivo, y en camino: un mosaico real rico de fragmentos: diversos, necesarios y complementarios&#8230; aquellos miembros del cuerpo que parecen m\u00e1s d\u00e9biles son los m\u00e1s necesarios; y las partes del cuerpo que nos parecen menos honrosas son a las que otorgamos un mayor respeto &#8230; Dios ha compuesto el cuerpo, dando m\u00e1s honor a lo que le faltaba, para que no hubiera divisi\u00f3n en el cuerpo, sino que los miembros tuvieran cuidado los unos de los otros&#8217;.<\/p>\n<div>\u00a0<\/div>\n<div>Francisco destac\u00f3 la palabra &#8216;Cuidado&#8217; explicando que &#8216;cuidar implica manifestar inter\u00e9s diligente y preciso que compromete tanto a nuestra alma como a nuestra actividad, hacia alguien o algo; significa mirar con atenci\u00f3n a cualquiera que necesite cuidado sin pensar en nada m\u00e1s; significa aceptar el dar o el recibir cuidados&#8217;. Y para transformar esta Navidad en una ocasi\u00f3n para cuidar, ha alentado a todos a cuidar la vida espiritual, la relaci\u00f3n con Dios, cuidar la vida familiar y la relaci\u00f3n con los dem\u00e1s. Cuidar la forma de hablar purificando la lengua de las palabras ofensivas, cuidar las heridas del coraz\u00f3n con el aceite del perd\u00f3n. Cuidar el trabajo realiz\u00e1ndolo con entusiasmo, humildad y pasi\u00f3n. Tener cuidado con la envidia, la lujuria, el odio y los sentimientos negativos que devoran la paz interior y nos transforman en personas destruidas y destructivas; tener cuidado tambi\u00e9n con el rencor, que nos lleva a la venganza, y con la pereza que nos lleva a la eutanasia existencial. Cuidar de los m\u00e1s pobres, los ancianos, los enfermos, los hambrientos y los vagabundos, y cuidar la Santa Navidad, para que no sea una fiesta de consumismo, apariencias, regalos in\u00fatiles y derroches.<\/div>\n<div>\u00a0<\/div>\n<div>&#8216;Imaginemos como cambiar\u00eda nuestro mundo -se\u00f1al\u00f3- si cada uno de nosotros comenzase enseguida&#8230; Esta es la verdadera Navidad: la fiesta de la pobreza del Dios que se despoj\u00f3 a s\u00ed mismo, tomando forma de esclavo, del Dios que se pone a servir en la mesa y que se esconde de los inteligentes y sabios para revelarse a los peque\u00f1os, los simples y los pobres&#8230; pero es sobre todo la fiesta de la paz que el Ni\u00f1o Jes\u00fas trae a la tierra y que los \u00e1ngeles cantan&#8230; Una paz, que necesita nuestro entusiasmo, nuestro cuidado para calentar los corazones helados, para animar las almas descorazonadas y para iluminar los ojos apagados con la luz del rostro de Jes\u00fas&#8217;.<\/div>\n<div>\u00a0<\/div>\n<div>Antes de despedirse, el Papa pidi\u00f3 perd\u00f3n por sus faltas, y por las de sus colaboradores , as\u00ed como por algunos esc\u00e1ndalos, &#8216;que hacen mucho da\u00f1o -subray\u00f3-. Perdonadme y por favor, rezad por mi&#8217;.<\/div>\n<div>\u00a0<\/div>\n<div>Fuente: news.va<\/div>\n<p><a href=\"http:\/\/web.hilo.org.pe\/wp-content\/uploads\/santasede.JPG\" target=\"_blank\" rel=\"noopener\">Ver archivo adjunto<\/a><\/p>\n","protected":false},"excerpt":{"rendered":"<p>Ciudad del Vaticano (VIS).-El Santo Padre ha encontrado esta ma?ana a los trabajadores de la Santa Sede a los que ha agradecido calurosamente su trabajo. A los italianos, ha dedicado unas palabras especiales porque \u00bbdurante toda la historia de la Iglesia y de la Curia Romana han trabajado habitualmente con ?nimo generoso y fiel, poniendo al servicio de la Santa Sede y del Sucesor de Pedro, su singular laboriosidad y su devoci?n filial, sosteniendo a los grandes santos, Papas, m?rtires, misioneros y artistas que ninguna sombra podr? empa?ar jam?s\u00bb.Y no ha olvidado a los trabajadores de otros pa?ses \u00bbque trabajan generosamente lejos de su Patria y de sus familias, y que representan para la Curia el rostro de la Catolicidad de la Iglesia\u00bb.<\/p>\n","protected":false},"author":1,"featured_media":7874,"comment_status":"closed","ping_status":"closed","sticky":false,"template":"","format":"standard","meta":{"footnotes":""},"categories":[9],"tags":[],"class_list":["post-2127","post","type-post","status-publish","format-standard","has-post-thumbnail","hentry","category-noticias"],"_links":{"self":[{"href":"https:\/\/ceas.org.pe\/index.php\/wp-json\/wp\/v2\/posts\/2127","targetHints":{"allow":["GET"]}}],"collection":[{"href":"https:\/\/ceas.org.pe\/index.php\/wp-json\/wp\/v2\/posts"}],"about":[{"href":"https:\/\/ceas.org.pe\/index.php\/wp-json\/wp\/v2\/types\/post"}],"author":[{"embeddable":true,"href":"https:\/\/ceas.org.pe\/index.php\/wp-json\/wp\/v2\/users\/1"}],"replies":[{"embeddable":true,"href":"https:\/\/ceas.org.pe\/index.php\/wp-json\/wp\/v2\/comments?post=2127"}],"version-history":[{"count":1,"href":"https:\/\/ceas.org.pe\/index.php\/wp-json\/wp\/v2\/posts\/2127\/revisions"}],"predecessor-version":[{"id":7091,"href":"https:\/\/ceas.org.pe\/index.php\/wp-json\/wp\/v2\/posts\/2127\/revisions\/7091"}],"wp:featuredmedia":[{"embeddable":true,"href":"https:\/\/ceas.org.pe\/index.php\/wp-json\/wp\/v2\/media\/7874"}],"wp:attachment":[{"href":"https:\/\/ceas.org.pe\/index.php\/wp-json\/wp\/v2\/media?parent=2127"}],"wp:term":[{"taxonomy":"category","embeddable":true,"href":"https:\/\/ceas.org.pe\/index.php\/wp-json\/wp\/v2\/categories?post=2127"},{"taxonomy":"post_tag","embeddable":true,"href":"https:\/\/ceas.org.pe\/index.php\/wp-json\/wp\/v2\/tags?post=2127"}],"curies":[{"name":"wp","href":"https:\/\/api.w.org\/{rel}","templated":true}]}}