{"id":2121,"date":"2014-12-19T09:46:00","date_gmt":"2014-12-19T09:46:00","guid":{"rendered":""},"modified":"2026-03-11T09:12:17","modified_gmt":"2026-03-11T14:12:17","slug":"migrantes-y-pobres-doble-desafoo-de-la-pastoral-urbana","status":"publish","type":"post","link":"https:\/\/ceas.org.pe\/index.php\/2014\/12\/19\/migrantes-y-pobres-doble-desafoo-de-la-pastoral-urbana\/","title":{"rendered":"Migrantes y pobres, doble desaf\u00f3o de la pastoral urbana"},"content":{"rendered":"<p>Ciudad del Vaticano, \u00a0(VIS).-Francisco ha recibido en audiencia esta ma\u00f1ana, en la Sala del Consistorio del Palacio Apost\u00f3lico, a los participantes de la segunda fase del Congreso Internacional de la Pastoral de las Grandes Ciudades, que se celebr\u00f3 en Barcelona (Espa\u00f1a) del 24 al 26 de noviembre.<\/p>\n<p>El Santo Padre ha aprovechado la ocasi\u00f3n para profundizar sobre cuatro desaf\u00edos y posibles horizontes de la pastoral urbana, &#8216;los lugares desde donde Dios nos est\u00e1 llamando -ha dicho-&#8230; y los aspectos a los cuales creo que debemos prestar especial atenci\u00f3n &#8216;.<\/p>\n<p>En primer lugar ha mencionado la necesidad de &#8216;implementar un cambio en la mentalidad pastoral&#8217; ya que seg\u00fan el Pont\u00edfice, ya no estamos en la \u00e9poca de la cristiandad en la que la Iglesia era el \u00fanico referente de la cultura, y como autentica maestra, sent\u00eda la responsabilidad de delinear y de imponer no s\u00f3lo las formas culturales sino tambi\u00e9n los valores. &#8216;Hoy ya no somos los \u00fanicos que producen cultura, ni los primeros, ni los m\u00e1s escuchados. Por tanto, necesitamos un cambio de mentalidad pastoral, pero no de una &#8216;pastoral relativista&#8217;, que para estar presente en la &#8216;cocina cultural&#8217; pierde el horizonte evang\u00e9lico, dejando al hombre abandonado a s\u00ed mismo y emancipado de la mano de Dios. \u00a1No, esto no!. Este es el camino relativista, el m\u00e1s c\u00f3modo. \u00a1Esto no puede llamarse pastoral! Quien hace esto no tiene ning\u00fan inter\u00e9s real en el hombre, sino que lo deja a merced de dos peligros igualmente graves: le ocultan a Jes\u00fas, y la verdad sobre la persona. Es un camino que lleva al ser humano a la soledad de la muerte&#8217;. Por eso &#8216;es necesario el valor de conducir una pastoral evangelizadora audaz y sin miedos, por que el hombre, la mujer, las familias y los diferente grupos que habitan la ciudad lo esperan de nosotros, y necesitan en sus vidas, la Buena Nueva que es Jes\u00fas y su Evangelio&#8217;.<\/p>\n<div>Como segundo desaf\u00edo ha destacado &#8216;el di\u00e1logo con la multiculturalidad&#8217; y la necesidad de un di\u00e1logo pastoral sin relativismo, que no negocia la propia identidad cristiana, pero que quiere llegar al coraz\u00f3n de los dem\u00e1s, incluso de aquellos que son diferentes a nosotros, y sembrar all\u00ed el Evangelio. &#8216;Necesitamos una actitud contemplativa, que sin rechazar la contribuci\u00f3n de las diversas ciencias para aprender sobre el fen\u00f3meno urbano trata de descubrir el fundamento de las culturas, que en su n\u00facleo m\u00e1s profundo est\u00e1n siempre abiertas y sedientas de Dios&#8217;. Para superar este reto, Francisco ha se\u00f1alado que ser\u00e1 de gran ayuda conocer los imaginarios y las ciudades invisibles, es decir, los grupos y\/o territorios humanos que se identifican en sus s\u00edmbolos, lenguajes, rituales y formas de hablar de la vida.<\/div>\n<div>\u00a0<\/div>\n<div>&#8216;La religiosidad del pueblo&#8217;, ha sido el tercer punto a tratar. &#8216;En ella tenemos que apurar el aut\u00e9ntico sustrato religioso, que en muchos casos es cristiano y cat\u00f3lico -ha proseguido reconociendo que en cada continente es diferente-. No debemos negar ni despreciar esta experiencia de Dios que, aunque a veces dispersa o mezclada, pide ser descubierta y no construida. All\u00ed se encuentran las semillas de la Palabra sembradas por el Esp\u00edritu del Se\u00f1or&#8217;. El Papa ha recordado a todos los migrantes y pobres que llenan las ciudades, &#8216;peregrinos de la vida -les ha llamado- en busca de salvaci\u00f3n&#8217;, que constituyen un doble desaf\u00edo: Ser hospitalarios con ellos, cosa que la ciudad en general no es, sino que los aparta, y aumentar su fe. El tema de &#8216;los pobres urbanos&#8217;, ha sido el cuarto aspecto con el que el Santo Padre ha concluido su reflexi\u00f3n. Pobres, excluidos, y descartados. &#8216;La Iglesia no puede ignorar su grito, ni entrar en el juego de los sistemas injustos, mezquinos e interesados que tratan de hacerlos invisibles&#8217;.<\/div>\n<div>\u00a0<\/div>\n<div>Dos han sido las propuestas de Francisco ante estos cuatro desaf\u00edos: Salir para encontrar a Dios que vive en la ciudad y en los pobres, facilitando a la gente el encuentro con el Se\u00f1or, y trabajar por una Iglesia samaritana, &#8216;con un testimonio concreto de misericordia y dulzura presente en las periferias existenciales y pobres, actuando directamente sobre el imaginario social. Orientando y ofreciendo sentido a la vida de la ciudad&#8217;.<\/div>\n<div>\u00a0<\/div>\n<div>Fuente: news.va<\/div>\n<div>\u00a0 \u00a0 \u00a0 \u00a0 \u00a0\u00a0<\/div>\n<p><a href=\"http:\/\/web.hilo.org.pe\/wp-content\/uploads\/pastoralurbana.jpg\" target=\"_blank\" rel=\"noopener\">Ver archivo adjunto<\/a><\/p>\n","protected":false},"excerpt":{"rendered":"<p>Ciudad del Vaticano, (VIS).-Francisco ha recibido en audiencia esta ma?ana, en la Sala del Consistorio del Palacio Apost?lico, a los participantes de la segunda fase del Congreso Internacional de la Pastoral de las Grandes Ciudades, que se celebr? en Barcelona (Espa?a) del 24 al 26 de noviembre.<\/p>\n","protected":false},"author":1,"featured_media":7869,"comment_status":"closed","ping_status":"closed","sticky":false,"template":"","format":"standard","meta":{"footnotes":""},"categories":[9],"tags":[],"class_list":["post-2121","post","type-post","status-publish","format-standard","has-post-thumbnail","hentry","category-noticias"],"_links":{"self":[{"href":"https:\/\/ceas.org.pe\/index.php\/wp-json\/wp\/v2\/posts\/2121","targetHints":{"allow":["GET"]}}],"collection":[{"href":"https:\/\/ceas.org.pe\/index.php\/wp-json\/wp\/v2\/posts"}],"about":[{"href":"https:\/\/ceas.org.pe\/index.php\/wp-json\/wp\/v2\/types\/post"}],"author":[{"embeddable":true,"href":"https:\/\/ceas.org.pe\/index.php\/wp-json\/wp\/v2\/users\/1"}],"replies":[{"embeddable":true,"href":"https:\/\/ceas.org.pe\/index.php\/wp-json\/wp\/v2\/comments?post=2121"}],"version-history":[{"count":1,"href":"https:\/\/ceas.org.pe\/index.php\/wp-json\/wp\/v2\/posts\/2121\/revisions"}],"predecessor-version":[{"id":7097,"href":"https:\/\/ceas.org.pe\/index.php\/wp-json\/wp\/v2\/posts\/2121\/revisions\/7097"}],"wp:featuredmedia":[{"embeddable":true,"href":"https:\/\/ceas.org.pe\/index.php\/wp-json\/wp\/v2\/media\/7869"}],"wp:attachment":[{"href":"https:\/\/ceas.org.pe\/index.php\/wp-json\/wp\/v2\/media?parent=2121"}],"wp:term":[{"taxonomy":"category","embeddable":true,"href":"https:\/\/ceas.org.pe\/index.php\/wp-json\/wp\/v2\/categories?post=2121"},{"taxonomy":"post_tag","embeddable":true,"href":"https:\/\/ceas.org.pe\/index.php\/wp-json\/wp\/v2\/tags?post=2121"}],"curies":[{"name":"wp","href":"https:\/\/api.w.org\/{rel}","templated":true}]}}