{"id":2115,"date":"2014-12-16T09:41:30","date_gmt":"2014-12-16T09:41:30","guid":{"rendered":""},"modified":"2026-03-11T09:12:17","modified_gmt":"2026-03-11T14:12:17","slug":"aniversario-del-nombramiento-como-obispo-del-callao-de-mons-joso-luis-del-palacio","status":"publish","type":"post","link":"https:\/\/ceas.org.pe\/index.php\/2014\/12\/16\/aniversario-del-nombramiento-como-obispo-del-callao-de-mons-joso-luis-del-palacio\/","title":{"rendered":"Aniversario del nombramiento como obispo del Callao de Mons. Jos\u00f3 Luis del Palacio"},"content":{"rendered":"<p>\u00a0El 12 de diciembre, Fiesta de la Virgen de Guadalupe, Monse\u00f1or Jos\u00e9 Luis del Palacio cumpli\u00f3 tres a\u00f1os de haber sido nombrado Obispo de la Di\u00f3cesis del Callao. Este nombramiento fue realizado por el entonces Papa Benedicto XVI.<\/p>\n<div>\u00a0<\/div>\n<div>\u00a0<\/div>\n<div>Durante este corto tiempo que Monse\u00f1or Jos\u00e9 Luis lleva las riendas de esta Iglesia chalaca ha logrado llegar al coraz\u00f3n de miles de fieles de este Primer Puerto del Per\u00fa.\u00a0<\/div>\n<div>Es sin duda, un trabajo muy arduo que ha venido realizando con especial dedicaci\u00f3n, siguiendo siempre las huellas de Pedro, es decir obedeciendo al Santo Padre.\u00a0<\/div>\n<div>\u00a0<\/div>\n<div>\u00a0<\/div>\n<div>Su gobierno pastoral desde que asumi\u00f3 esta misi\u00f3n se ha basado en tres puntos importantes, lo que Monse\u00f1or Jos\u00e9 Luis llama su tr\u00edpode: Las vocaciones, educaci\u00f3n y c\u00e1ritas.<\/div>\n<div>\u00a0<\/div>\n<div>\u00a0<\/div>\n<div>Son estas tres las tareas fundamentales donde Monse\u00f1or Jos\u00e9 Luis viene trabajando incansablemente.<\/div>\n<div>\u00a0<\/div>\n<div>\u00a0<\/div>\n<div>El tema de las vocaciones es fundamental en toda di\u00f3cesis, pues la formaci\u00f3n adecuada de seminaristas es prioridad para la atenci\u00f3n pastoral de generaciones venideras. \u00a0Es por eso que el obispo chalaco ha creado un Centro Vocacional, que se encarga de promover y acompa\u00f1ar a los j\u00f3venes con inquietud de ser sacerdotes o religiosas contemplativas. Hoy en d\u00eda, gracias a los frutos de este centro, son varios los aspirantes que ya se encuentran form\u00e1ndose en \u00a0nuestro Seminario Diocesano \u201cCoraz\u00f3n de Cristo\u201d y en el caso de las j\u00f3venes en el Monasterio de las Hermanas de Claraval.<\/div>\n<div>\u00a0<\/div>\n<div>\u00a0<\/div>\n<div>La sede de este centro vocacional se encuentra en el ex centro pastoral \u201cSembrador de Paz\u201d, que en la actualidad se viene remodelando, construyendo y ampliando sus ambientes para un mejor servicio a las vocaciones chalacas.<\/div>\n<div>\u00a0<\/div>\n<div>\u00a0<\/div>\n<div>Asimismo, dentro de este campo de las vocaciones tambi\u00e9n se encuentra la formaci\u00f3n espiritual de los sacerdotes. Es por eso que, el obispo chalaco ha promovido varias actividades dirigido a los presb\u00edteros, como formaci\u00f3n permanente, la Lectio Divina y jornadas presbiterales. Todo eso se realiza todos los meses.<\/div>\n<div>\u00a0<\/div>\n<div>\u00a0<\/div>\n<div>Otras de las nuevas pr\u00e1cticas que ha promovido nuestro Obispo es la evangelizaci\u00f3n casa por casa por parte de nuestros seminaristas, quienes adem\u00e1s visitan colegios, plazas, penales, etc., evangelizando en medio de una realidad que abordaran cuando sean ordenados.<\/div>\n<div>\u00a0<\/div>\n<div>\u00a0<\/div>\n<div>Con respecto a otra de las \u00e1reas del tr\u00edpode est\u00e1 la educaci\u00f3n junto con la familia. En este punto Monse\u00f1or Jos\u00e9 Luis ha promovido \u00a0encuentros que destacan el valor de la familia y de la juventud.<\/div>\n<div>\u00a0<\/div>\n<div>\u00a0<\/div>\n<div>Es por eso, que durante el a\u00f1o, nuestra di\u00f3cesis celebra dos fechas importantes. El 30 de agosto, festividad de Santa Rosa, celebramos el D\u00eda de la Juventud Chalaca; y en diciembre, en la Festividad de la Sagrada Familia, celebramos el D\u00eda la Familia chalaca. Ambos acontecimientos congregan a miles de fieles.<\/div>\n<div>\u00a0<\/div>\n<div>\u00a0<\/div>\n<div>En el \u00e1mbito de la educaci\u00f3n, nuestra di\u00f3cesis impulsa la formaci\u00f3n de docentes de los colegios parroquiales a trav\u00e9s de talleres cristianos-pedag\u00f3gicos. Monse\u00f1or Jos\u00e9 Luis ha encargado esta tarea a la Oficina de Educaci\u00f3n Cat\u00f3lica del Callao (ODEC). Asimismo, nuestro obispo visita con regularidad las instituciones educativas para entablar un di\u00e1logo cercano con el cuerpo docente y sobre todo con los alumnos.\u00a0<\/div>\n<div>\u00a0<\/div>\n<div>\u00a0<\/div>\n<div>El Obispo del Callao ha impulsado la creaci\u00f3n de nuevos institutos para la formaci\u00f3n de los seminaristas, religiosos, laicos y profesores: Instituto de Filosof\u00eda Beato Juan Pablo II, Instituto de Ciencias Religiosas San Juan de \u00c1vila, Instituto de Derecho Can\u00f3nico San Raymundo de Pe\u00f1afort, Instituto de Historia de la Iglesia Siervo de Dios Emilio Lisson Ch\u00e1vez. \u00a0Todos estos centros superiores se encuentran dentro de la programaci\u00f3n de actividades acad\u00e9micas de nuestra Facultad de Teolog\u00eda \u201cRedemptoris Mater\u201d.\u00a0<\/div>\n<div>Es importante destacar que Monse\u00f1or Jos\u00e9 Luis viene creando y promoviendo espacios donde los laicos puedan formarse para as\u00ed estar preparados a enfrentar los retos que exige la Nueva Evangelizaci\u00f3n.<\/div>\n<div>\u00a0<\/div>\n<div>\u00a0<\/div>\n<div>Finalmente, otro aspecto importante que se viene desarrollando es la Caritas, cuyos frutos se ven hoy en d\u00eda con la puesta en marcha de las C\u00e1ritas Parroquiales, dando as\u00ed una respuesta inmediata a las necesidades m\u00e1s urgentes de nuestros hermanos m\u00e1s necesitados. Se ha promovido proyectos sociales que viene beneficiando a ni\u00f1os, madres de familia y ancianos. Se han entregado casas en las zonas m\u00e1s vulnerable y de extrema pobreza del Callao, a trav\u00e9s del programa \u201cUn techo un Hogar\u201d.<\/div>\n<div>\u00a0<\/div>\n<div>\u00a0<\/div>\n<div>Otro reto que se viene ejecutando gracias a nuestro obispo es la Misi\u00f3n Zona Sur que gracias al apoyo generoso de miles de fieles se viene implementando. \u00a0Este es un proyecto de car\u00e1cter pastoral y social, que va desde la construcci\u00f3n de una capilla y centros de atenci\u00f3n externa que brindar\u00e1 educaci\u00f3n y alimentos a los ni\u00f1os de la zona conocida como San Judas Tadeo, Barrio Fiscal, entre otros. \u00a0Adem\u00e1s, brindar\u00e1 capacitaci\u00f3n a los hombres y mujeres de la zona en talleres de formaci\u00f3n laboral y se construir\u00e1n casas para devolver la dignidad a muchas familias que viven en malas condiciones. Es importante destacar la participaci\u00f3n de COPRODELI en la ejecuci\u00f3n de este proyecto. En el aspecto pastoral se est\u00e1 desarrollando encuentros de formaci\u00f3n en la iniciaci\u00f3n cristiana de los pobladores de la zona con la activa participaci\u00f3n de los movimientos de nuestra di\u00f3cesis.<\/div>\n<div>\u00a0<\/div>\n<div>A la labor social de nuestra di\u00f3cesis se suma tambi\u00e9n la de nuestro albergue para ni\u00f1as \u00abEmanuel\u00bb. Esta casa acoge a ni\u00f1as en situaci\u00f3n delicada, donde se le brinda vivienda, educaci\u00f3n y todo lo que necesitan para poder desarrollarse. Monse\u00f1or Jos\u00e9 Luis ha tomado la misi\u00f3n de mejorar este albergue gestionando toda una serie actividades para poder ayudar a su mantenimiento. Otra obra que se promueve es la de la pastoral de la Esperanza, a cargo de la Hermana Meche quien realiza su misi\u00f3n en el Penal Sarita Colonia, Centro Penitenciario que es frecuentemente visitado por el obispo del Callao.<\/div>\n<div>\u00a0<\/div>\n<div>Son tres a\u00f1os de una misi\u00f3n incansable y de muchos retos, seimpre con la colaboraci\u00f3n de los sacerdotes, religiosos y los fieles que han sabido responder el llamado de nuestro obispo de salir afuera.<\/div>\n<div>\u00a0<\/div>\n<div>\u00ab&#8230;quiero que nos defendamos de todo lo que sea mundanidad, de lo que sea instalaci\u00f3n, de lo que sea comodidad, de lo que sea clericalismo, de lo que sea estar encerrados en nosotros mismos, las parroquias, los colegios, las instituciones son para salir&#8230;\u00bb. Exhorta nuestra Papa Francisco, exhoratci\u00f3n de la cual toda la iglesia del Callao hace eco.<\/div>\n<div>\u00a0<\/div>\n<div>\u00a0<\/div>\n<div>Monse\u00f1or Jos\u00e9 Luis agradece a todos por esta respuesta de los fieles de las distintas comunidades, \u00a0movimientos y nuevas realidades como: La Renovaci\u00f3n Carism\u00e1tica, Cursillos de Cristiandad. Legi\u00f3n de Mar\u00eda, Apostolado de la Divina Misericordia, Juan XXIII, Camino Neocatecumenal, Bodas de Can\u00e1, Mar\u00eda en Camino, Movimiento de Vida Cristiana, Hermandad del Se\u00f1or del Mar, Hermandad de la Virgen del Carmen de la Legua, Hermandad de San Mart\u00edn de Porres y todos que silenciosamente trabajan activamente en la Nueva Evangelizaci\u00f3n.<\/div>\n<div>\u00a0<\/div>\n<div>Fuente: diocesisdelcallao.org<\/div>\n<p><a href=\"http:\/\/web.hilo.org.pe\/wp-content\/uploads\/palacio.jpg\" target=\"_blank\" rel=\"noopener\">Ver archivo adjunto<\/a><\/p>\n","protected":false},"excerpt":{"rendered":"<p>El 12 de diciembre, Fiesta de la Virgen de Guadalupe, Monse?or Jos? Luis del Palacio cumpli? tres a?os de haber sido nombrado Obispo de la Di?cesis del Callao. Este nombramiento fue realizado por el entonces Papa Benedicto XVI.<\/p>\n","protected":false},"author":1,"featured_media":7884,"comment_status":"closed","ping_status":"closed","sticky":false,"template":"","format":"standard","meta":{"footnotes":""},"categories":[9],"tags":[],"class_list":["post-2115","post","type-post","status-publish","format-standard","has-post-thumbnail","hentry","category-noticias"],"_links":{"self":[{"href":"https:\/\/ceas.org.pe\/index.php\/wp-json\/wp\/v2\/posts\/2115","targetHints":{"allow":["GET"]}}],"collection":[{"href":"https:\/\/ceas.org.pe\/index.php\/wp-json\/wp\/v2\/posts"}],"about":[{"href":"https:\/\/ceas.org.pe\/index.php\/wp-json\/wp\/v2\/types\/post"}],"author":[{"embeddable":true,"href":"https:\/\/ceas.org.pe\/index.php\/wp-json\/wp\/v2\/users\/1"}],"replies":[{"embeddable":true,"href":"https:\/\/ceas.org.pe\/index.php\/wp-json\/wp\/v2\/comments?post=2115"}],"version-history":[{"count":1,"href":"https:\/\/ceas.org.pe\/index.php\/wp-json\/wp\/v2\/posts\/2115\/revisions"}],"predecessor-version":[{"id":7103,"href":"https:\/\/ceas.org.pe\/index.php\/wp-json\/wp\/v2\/posts\/2115\/revisions\/7103"}],"wp:featuredmedia":[{"embeddable":true,"href":"https:\/\/ceas.org.pe\/index.php\/wp-json\/wp\/v2\/media\/7884"}],"wp:attachment":[{"href":"https:\/\/ceas.org.pe\/index.php\/wp-json\/wp\/v2\/media?parent=2115"}],"wp:term":[{"taxonomy":"category","embeddable":true,"href":"https:\/\/ceas.org.pe\/index.php\/wp-json\/wp\/v2\/categories?post=2115"},{"taxonomy":"post_tag","embeddable":true,"href":"https:\/\/ceas.org.pe\/index.php\/wp-json\/wp\/v2\/tags?post=2115"}],"curies":[{"name":"wp","href":"https:\/\/api.w.org\/{rel}","templated":true}]}}