{"id":2109,"date":"2014-12-11T10:23:36","date_gmt":"2014-12-11T10:23:36","guid":{"rendered":""},"modified":"2026-03-11T09:12:17","modified_gmt":"2026-03-11T14:12:17","slug":"iglesias-de-amorica-latina-mandan-carta-sobre-explotacion-minera","status":"publish","type":"post","link":"https:\/\/ceas.org.pe\/index.php\/2014\/12\/11\/iglesias-de-amorica-latina-mandan-carta-sobre-explotacion-minera\/","title":{"rendered":"Iglesias de Am\u00f3rica Latina mandan carta sobre explotaci\u00f3n minera"},"content":{"rendered":"<p>En el marco del Encuentro Internacional de Iglesias y Miner\u00eda, m\u00e1s de cien miembros de congregaciones religiosas, iglesias cat\u00f3licas y evang\u00e9licas,\u00a0 organizaciones de derechos humanos y delegados de pastorales sociales representantes de quince pa\u00edses reunidos en Bras\u00edlia entre los d\u00edas 2-5 de diciembre de 2014, remitieron una carta de preocupaci\u00f3n al Presidente Ollanta Humala por la explotaci\u00f3n minera generada en nuestro pa\u00eds.<\/p>\n<p>En la carta expresan la preocupaci\u00f3n por las graves afectaciones que a la vida de las comunidades\u00a0 y a sus territorios han causado la extracci\u00f3n de minerales, sin medir consecuencias, sin adelantar procesos de consulta respetando los procedimientos, sin fijarse en los da\u00f1o ambientales, las afectaciones al agua y a las organizaciones comunitarias.<\/p>\n<p>A la vez, denunciaron la creciente criminalizaci\u00f3n de los l\u00edderes, lideresas y comunidades que luchan y resisten a la miner\u00eda destructora de\u00a0 sus territorios, exigiendo el cumplimiento de los derechos humanos y a\u00a0 la legislaci\u00f3n nacional e internacional.<\/p>\n<p>\u201cAndaremos por el mundo con fe y esperanza viva, celebrando, cantando sonriendo, luchando por la vida.\u201d Declar\u00e1 al final la carta<\/p>\n<p>Cartas similares fueron enviadas a:<\/p>\n<p>\u00a0\u00a0\u00a0 Dilma Roussef &#8211; Presidenta de Brasil<br \/>\n\u00a0\u00a0\u00a0 Cristina Fernandez &#8211; Presidenta de Argentina<br \/>\n\u00a0\u00a0\u00a0 Juan Manuel Santos &#8211; Presidente de Colombia<br \/>\n\u00a0\u00a0\u00a0 Michele Bachelet &#8211; Presidenta de Chile<br \/>\n\u00a0\u00a0\u00a0 Rafael Correa &#8211; Presidente de Ecuador<br \/>\n\u00a0\u00a0\u00a0 Evo Morales &#8211; Presidente de Bolivia<br \/>\n\u00a0\u00a0\u00a0 Juan Orlando Hern\u00e1ndez Alvarado &#8211; Presidente de Honduras<br \/>\n\u00a0\u00a0\u00a0 Juan Carlos Varela &#8211; Presidente de Panam\u00e1<br \/>\n\u00a0\u00a0\u00a0 Otto P\u00e9rez Molina &#8211; Presidente de Guatemala<br \/>\n\u00a0\u00a0\u00a0 Daniel Ortega \u2013 Presidente de Nicaragua<br \/>\n\u00a0\u00a0\u00a0 Luis Guillermo Solis &#8211; Presidente de Costa Rica<br \/>\n\u00a0\u00a0\u00a0 Salvador S\u00e1nchez Cer\u00f3n &#8211; Presidente\u00a0 de El Salvador<br \/>\n\u00a0\u00a0\u00a0 Enrique Pe\u00f1a Nieto &#8211; Presidente de M\u00e9xico<br \/>\n\u00a0\u00a0\u00a0 Barack Obama &#8211; Presidente de Estados Unidos<br \/>\n\u00a0\u00a0\u00a0 Jos\u00e9 Mujica -Tavar\u00e9 Vasquez &#8211; Presidentes saliente y electo de Uruguay.<\/p>\n<p>Fuente: Red Muqui, Per\u00fa<br \/>\n\u00a0<\/p>\n<p><a href=\"http:\/\/web.hilo.org.pe\/wp-content\/uploads\/minera.jpg\" target=\"_blank\" rel=\"noopener\">Ver archivo adjunto<\/a><\/p>\n","protected":false},"excerpt":{"rendered":"<p>En el marco del Encuentro Internacional de Iglesias y Miner?a, m?s de cien miembros de congregaciones religiosas, iglesias cat?licas y evang?licas,  organizaciones de derechos humanos y delegados de pastorales sociales representantes de quince pa?ses reunidos en Bras?lia entre los d?as 2-5 de diciembre de 2014, remitieron una carta de preocupaci?n al Presidente Ollanta Humala por la explotaci?n minera generada en nuestro pa?s.<\/p>\n","protected":false},"author":1,"featured_media":7857,"comment_status":"closed","ping_status":"closed","sticky":false,"template":"","format":"standard","meta":{"footnotes":""},"categories":[9],"tags":[],"class_list":["post-2109","post","type-post","status-publish","format-standard","has-post-thumbnail","hentry","category-noticias"],"_links":{"self":[{"href":"https:\/\/ceas.org.pe\/index.php\/wp-json\/wp\/v2\/posts\/2109","targetHints":{"allow":["GET"]}}],"collection":[{"href":"https:\/\/ceas.org.pe\/index.php\/wp-json\/wp\/v2\/posts"}],"about":[{"href":"https:\/\/ceas.org.pe\/index.php\/wp-json\/wp\/v2\/types\/post"}],"author":[{"embeddable":true,"href":"https:\/\/ceas.org.pe\/index.php\/wp-json\/wp\/v2\/users\/1"}],"replies":[{"embeddable":true,"href":"https:\/\/ceas.org.pe\/index.php\/wp-json\/wp\/v2\/comments?post=2109"}],"version-history":[{"count":1,"href":"https:\/\/ceas.org.pe\/index.php\/wp-json\/wp\/v2\/posts\/2109\/revisions"}],"predecessor-version":[{"id":7109,"href":"https:\/\/ceas.org.pe\/index.php\/wp-json\/wp\/v2\/posts\/2109\/revisions\/7109"}],"wp:featuredmedia":[{"embeddable":true,"href":"https:\/\/ceas.org.pe\/index.php\/wp-json\/wp\/v2\/media\/7857"}],"wp:attachment":[{"href":"https:\/\/ceas.org.pe\/index.php\/wp-json\/wp\/v2\/media?parent=2109"}],"wp:term":[{"taxonomy":"category","embeddable":true,"href":"https:\/\/ceas.org.pe\/index.php\/wp-json\/wp\/v2\/categories?post=2109"},{"taxonomy":"post_tag","embeddable":true,"href":"https:\/\/ceas.org.pe\/index.php\/wp-json\/wp\/v2\/tags?post=2109"}],"curies":[{"name":"wp","href":"https:\/\/api.w.org\/{rel}","templated":true}]}}