{"id":2107,"date":"2014-12-10T09:46:29","date_gmt":"2014-12-10T09:46:29","guid":{"rendered":""},"modified":"2026-03-11T09:12:17","modified_gmt":"2026-03-11T14:12:17","slug":"hay-casi-mil-millones-de-personas-sin-acceso-suficiente-a-los-alimentos","status":"publish","type":"post","link":"https:\/\/ceas.org.pe\/index.php\/2014\/12\/10\/hay-casi-mil-millones-de-personas-sin-acceso-suficiente-a-los-alimentos\/","title":{"rendered":"Hay casi mil millones de personas sin acceso suficiente a los alimentos"},"content":{"rendered":"<p>La Comisi\u00f3n Episcopal para la Pastoral Social-C\u00e1ritas Mexicana (CESP-C\u00e1ritas Mexicana) participar\u00e1 en la Vig\u00e9sima Conferencia de las Partes (COP20) de la Convenci\u00f3n Marco de las Naciones Unidas sobre el Cambio Clim\u00e1tico (UNFCCC, por sus siglas en ingl\u00e9s), como miembro de la delegaci\u00f3n de expertos de C\u00e1ritas Internationalis que promover\u00e1 y buscar\u00e1 posicionar la postura de la Iglesia sobre los temas de justicia clim\u00e1tica, as\u00ed como el respeto y cuidado de los bienes de la creaci\u00f3n.<\/p>\n<p>Como es sabido, la COP es el \u00f3rgano supremo de la UNFCCC, cuyo objetivo es reducir las concentraciones de gases de efecto invernadero en la atm\u00f3sfera. La reuni\u00f3n de Lima es la n\u00famero 20 (COP20) que se realiza cada a\u00f1o, durante dos semanas, y en las cuales, desafortunadamente, no se han podido concretar acuerdos m\u00e1s ambiciosos y vinculantes para poner freno dichas emisiones.<\/p>\n<p>CEPS acude representada por su Secretario Ejecutivo, el Pbro. Patricio Sarlat Flores \u2013quien ya tiene la experiencia previa de dos reuniones, las COP 16, de Canc\u00fan, y 17, de Durban, Sud\u00e1frica\u2013 para hacer sentir la postura de la Iglesia entre los representantes de Gobierno y sociedad civil que asisten a Lima, del 1 al 12 de diciembre, as\u00ed como para buscar aliados para impulsar una agenda efectiva de cuidado del medio ambiente.<\/p>\n<p>\u201cPor lo general Caritas Internationalis procura tener gente de la regi\u00f3n donde se lleva a cabo el evento, en este caso Latinoam\u00e9rica, y particularmente del pa\u00eds sede, quienes apoyan mucho en la log\u00edstica de la delegaci\u00f3n, pero tambi\u00e9n asistir\u00e1n personas de otros continentes, C\u00e1ritas procura que sus equipos sean lo m\u00e1s plural posible\u201d, explica el Padre Sarlat el motivo de la invitaci\u00f3n.<\/p>\n<p>\u201cEl objetivo es integrarme al equipo de incidencia, lograr presencia en los diversos foros, sumarme al trabajo que se est\u00e1 haciendo desde C\u00e1ritas Internationalis y las 164 Caritas Nacionales, en torno a los temas de justicia clim\u00e1tica, seguridad alimentaria y el derecho humano a la alimentaci\u00f3n\u00bb<\/p>\n<p>\u201cBuscamos hacer un llamado a los jefes de Gobierno, sobre todo los que est\u00e1n renuentes a firmar un acuerdo jur\u00eddicamente vinculante del Tratado de Kioto, de que firmen ya y se comprometan a bajar las emisiones para tener un planeta m\u00e1s sano\u201d, expresa.<\/p>\n<p>El Padre record\u00f3 que las organizaciones cat\u00f3licas reclaman de los gobiernos y los empresarios del mundo la adopci\u00f3n de pol\u00edticas y comportamientos que promuevan los derechos humanos, la justicia social y el desarrollo sostenible, pues los principales afectados por el cambio clim\u00e1tico son los m\u00e1s pobres.<\/p>\n<p>Hay casi mil millones de personas sin acceso suficiente a los alimentos, y en gran parte es consecuencia del aumento de la temperatura de la tierra.<\/p>\n<p>La postura de la Iglesia, defendida por C\u00e1ritas Internationalis en Haciendo Frente al Cambio Clim\u00e1tico, reclama el respaldo a los acuerdos vinculantes que garanticen un desarrollo sostenible, lo cual implica la inclusi\u00f3n de los pobres, d\u00e1ndoles acceso a el conocimiento y tecnolog\u00eda, y financiamiento para alcanzar las metas. Se debe asegurar el derecho de los grupos m\u00e1s vulnerables en el proceso de toma de decisiones.<\/p>\n<p>En este sentido se exige honrar el compromiso, especialmente de las naciones desarrolladas, de aportar a estas tareas los 100 mil millones de d\u00f3lares comprometidos e invertirlos, en un 50 por ciento, en aliviar a las comunidades ya afectadas por el cambio clim\u00e1tico.<\/p>\n<p>Tambi\u00e9n, la delegaci\u00f3n de C\u00e1ritas Internationalis defender\u00e1 en Lima, como lo ha venido haciendo durante a\u00f1os, el poner un alto a los m\u00e9todos de extracci\u00f3n de recursos de la tierra que da\u00f1an el medio ambiente y aceleran su deterioro.<\/p>\n<p>Deseamos que el equipo de expertos de la Iglesia Cat\u00f3lica logre tocar los corazones de los l\u00edderes de los gobiernos para que suscriban acuerdos m\u00e1s ambiciosos y jur\u00eddicamente vinculantes, para el cuidado de esta nuestra casa com\u00fan, la Madre Tierra.<\/p>\n<p>Fuente: caritasmexicana.org<\/p>\n<p><a href=\"http:\/\/web.hilo.org.pe\/wp-content\/uploads\/pobreza.jpg\" target=\"_blank\" rel=\"noopener\">Ver archivo adjunto<\/a><\/p>\n","protected":false},"excerpt":{"rendered":"<p>La Comisi?n Episcopal para la Pastoral Social-C?ritas Mexicana (CESP-C?ritas Mexicana) participar? en la Vig?sima Conferencia de las Partes (COP20) de la Convenci?n Marco de las Naciones Unidas sobre el Cambio Clim?tico (UNFCCC, por sus siglas en ingl?s), como miembro de la delegaci?n de expertos de C?ritas Internationalis que promover? y buscar? posicionar la postura de la Iglesia sobre los temas de justicia clim?tica, as? como el respeto y cuidado de los bienes de la creaci?n.<\/p>\n","protected":false},"author":1,"featured_media":0,"comment_status":"closed","ping_status":"closed","sticky":false,"template":"","format":"standard","meta":{"footnotes":""},"categories":[9],"tags":[],"class_list":["post-2107","post","type-post","status-publish","format-standard","hentry","category-noticias"],"_links":{"self":[{"href":"https:\/\/ceas.org.pe\/index.php\/wp-json\/wp\/v2\/posts\/2107","targetHints":{"allow":["GET"]}}],"collection":[{"href":"https:\/\/ceas.org.pe\/index.php\/wp-json\/wp\/v2\/posts"}],"about":[{"href":"https:\/\/ceas.org.pe\/index.php\/wp-json\/wp\/v2\/types\/post"}],"author":[{"embeddable":true,"href":"https:\/\/ceas.org.pe\/index.php\/wp-json\/wp\/v2\/users\/1"}],"replies":[{"embeddable":true,"href":"https:\/\/ceas.org.pe\/index.php\/wp-json\/wp\/v2\/comments?post=2107"}],"version-history":[{"count":1,"href":"https:\/\/ceas.org.pe\/index.php\/wp-json\/wp\/v2\/posts\/2107\/revisions"}],"predecessor-version":[{"id":7111,"href":"https:\/\/ceas.org.pe\/index.php\/wp-json\/wp\/v2\/posts\/2107\/revisions\/7111"}],"wp:attachment":[{"href":"https:\/\/ceas.org.pe\/index.php\/wp-json\/wp\/v2\/media?parent=2107"}],"wp:term":[{"taxonomy":"category","embeddable":true,"href":"https:\/\/ceas.org.pe\/index.php\/wp-json\/wp\/v2\/categories?post=2107"},{"taxonomy":"post_tag","embeddable":true,"href":"https:\/\/ceas.org.pe\/index.php\/wp-json\/wp\/v2\/tags?post=2107"}],"curies":[{"name":"wp","href":"https:\/\/api.w.org\/{rel}","templated":true}]}}