{"id":2106,"date":"2014-12-09T15:01:09","date_gmt":"2014-12-09T15:01:09","guid":{"rendered":""},"modified":"2026-03-11T09:12:17","modified_gmt":"2026-03-11T14:12:17","slug":"cambio-climotico-y-nosotros-oestamos-cambiandoo","status":"publish","type":"post","link":"https:\/\/ceas.org.pe\/index.php\/2014\/12\/09\/cambio-climotico-y-nosotros-oestamos-cambiandoo\/","title":{"rendered":"Cambio clim\u00f3tico. Y nosotros, \u00f3estamos cambiando\u00f3"},"content":{"rendered":"<p>\u00a0<b style=\"text-align: center; text-indent: 14.2pt;\"><span lang=\"ES\" style=\"mso-ascii-font-family:Calibri;mso-ascii-theme-font:minor-latin;\nmso-hansi-font-family:Calibri;mso-hansi-theme-font:minor-latin;font-variant:\nsmall-caps\">\u00a0<\/span><\/b><\/p>\n<p class=\"MsoNormal\" align=\"center\" style=\"margin-bottom: 0.0001pt; text-align: center; text-indent: 14.2pt; background-image: initial; background-attachment: initial; background-size: initial; background-origin: initial; background-clip: initial; background-position: initial; background-repeat: initial;\"><b><span lang=\"ES\" style=\"mso-ascii-font-family:Calibri;mso-ascii-theme-font:minor-latin;\nmso-hansi-font-family:Calibri;mso-hansi-theme-font:minor-latin;font-variant:\nsmall-caps\">Cambio clim\u00e1tico.<o:p><\/o:p><\/span><\/b><\/p>\n<p class=\"MsoNormal\" align=\"center\" style=\"margin-bottom: 0.0001pt; text-align: center; text-indent: 14.2pt; background-image: initial; background-attachment: initial; background-size: initial; background-origin: initial; background-clip: initial; background-position: initial; background-repeat: initial;\"><b><span lang=\"ES\" style=\"mso-ascii-font-family:\nCalibri;mso-ascii-theme-font:minor-latin;mso-hansi-font-family:Calibri;\nmso-hansi-theme-font:minor-latin;font-variant:small-caps\">Y nosotros, \u00bfestamos cambiando?<o:p><\/o:p><\/span><\/b><\/p>\n<p class=\"MsoNormal\" align=\"center\" style=\"margin-bottom: 0.0001pt; text-align: center; text-indent: 14.2pt;\"><b><span lang=\"ES\" style=\"mso-ascii-font-family:Calibri;mso-ascii-theme-font:\nminor-latin;mso-hansi-font-family:Calibri;mso-hansi-theme-font:minor-latin;\nfont-variant:small-caps\">Reuni\u00f3n de Alto Nivel<o:p><\/o:p><\/span><\/b><\/p>\n<p class=\"MsoNormal\" align=\"center\" style=\"margin-bottom: 0.0001pt; text-align: center; text-indent: 14.2pt;\"><b><span lang=\"ES\" style=\"mso-ascii-font-family:Calibri;mso-ascii-theme-font:\nminor-latin;mso-hansi-font-family:Calibri;mso-hansi-theme-font:minor-latin;\nfont-variant:small-caps\">(05 de diciembre de 2014)<o:p><\/o:p><\/span><\/b><\/p>\n<p class=\"MsoNormal\" align=\"center\" style=\"margin-bottom: 0.0001pt; text-align: center; text-indent: 14.2pt;\"><b><span lang=\"ES\" style=\"mso-ascii-font-family:Calibri;mso-ascii-theme-font:\nminor-latin;mso-hansi-font-family:Calibri;mso-hansi-theme-font:minor-latin;\nfont-variant:small-caps\">\u00a0<\/span><\/b><\/p>\n<p class=\"MsoNormal\" style=\"margin-bottom: 0.0001pt; text-align: justify; text-indent: 14.2pt; background-image: initial; background-attachment: initial; background-size: initial; background-origin: initial; background-clip: initial; background-position: initial; background-repeat: initial;\"><span lang=\"ES\">Muy queridos hermanos y hermanas:<o:p><\/o:p><\/span><\/p>\n<p class=\"MsoNormal\" style=\"margin-bottom: 0.0001pt; text-align: justify; text-indent: 14.2pt; background-image: initial; background-attachment: initial; background-size: initial; background-origin: initial; background-clip: initial; background-position: initial; background-repeat: initial;\"><span lang=\"ES\">El Se\u00f1or nos regala una buena oportunidad para encontrarnos y compartir nuestras inquietudes sobre un tema de actualidad, el cambio clim\u00e1tico.<o:p><\/o:p><\/span><\/p>\n<p class=\"MsoNormal\" style=\"margin-bottom: 0.0001pt; text-align: justify; text-indent: 14.2pt; background-image: initial; background-attachment: initial; background-size: initial; background-origin: initial; background-clip: initial; background-position: initial; background-repeat: initial;\"><span lang=\"ES\">Como Presidente de la Conferencia Episcopal Peruana, les he convocado hoy a esta reuni\u00f3n de alto nivel entre los <\/span><span lang=\"ES\">representantes de los gobiernos y nosotros \u2013representantes de la Iglesia Cat\u00f3lica\u2013 para alcanzarles nuestras preocupaciones y propuestas sobre el tema que ha concitado la atenci\u00f3n de todo el mundo durante estos d\u00edas, y cuyo centro ha sido nuestro pa\u00eds, para hablar del cambio clim\u00e1tico y de su impacto en toda la humanidad y \u2013de manera especial\u2013 en las poblaciones m\u00e1s empobrecidas y marginadas. Hemos de hablar tambi\u00e9n de la justicia clim\u00e1tica y acordar el modo de cuidar los bienes de la Creaci\u00f3n. <\/span><span lang=\"ES\"><o:p><\/o:p><\/span><\/p>\n<p class=\"MsoNormal\" style=\"margin-bottom: 0.0001pt; text-align: justify; text-indent: 14.2pt; background-image: initial; background-attachment: initial; background-size: initial; background-origin: initial; background-clip: initial; background-position: initial; background-repeat: initial;\"><span lang=\"ES\">Hoy nos acompa\u00f1an distinguidos representantes de nuestro gobierno, representantes de otros pa\u00edses y tambi\u00e9n los representantes del Symposium de las Conferencias Episcopales del \u00c1frica y Madagascar, de la Federaci\u00f3n de Conferencias Episcopales del Asia, de la Conferencia Episcopal de Francia, del Consejo Episcopal Latinoamericano y de la Conferencia Episcopal Peruana. Tambi\u00e9n est\u00e1n entre nosotros representantes de las Comunidades de Fe, de las redes de Caritas Internacional y del CIDSE, que es una alianza cat\u00f3lica internacional de agencias de desarrollo y miembros de la sociedad civil. Sean todos bienvenidos.<o:p><\/o:p><\/span><\/p>\n<p class=\"MsoNormal\" style=\"margin-bottom: 0.0001pt; text-align: justify; text-indent: 14.2pt; background-image: initial; background-attachment: initial; background-size: initial; background-origin: initial; background-clip: initial; background-position: initial; background-repeat: initial;\"><span lang=\"ES\">Quiero empezar este saludo recordando <\/span>que la Iglesia est\u00e1 comprometida con el cuidado del medio ambiente, porque en las Sagradas Escrituras, desde el primer libro del G\u00e9nesis (2,15) se afirma que Dios puso al hombre y a la mujer en la tierra, para que la cuidaran y cultivaran. La Iglesia quiere ser fiel a esa misi\u00f3n y por ello es sensible a la situaci\u00f3n del planeta, de toda la humanidad y, de manera especial, de los m\u00e1s pobres, porque son ellos los m\u00e1s afectados por el cambio clim\u00e1tico y las consecuencias de no cuidar adecuadamente de la tierra y sus habitantes. <span lang=\"ES\"><o:p><\/o:p><\/span><\/p>\n<p class=\"MsoNormal\" style=\"margin-bottom: 0.0001pt; text-align: justify; text-indent: 14.2pt; background-image: initial; background-attachment: initial; background-size: initial; background-origin: initial; background-clip: initial; background-position: initial; background-repeat: initial;\"><span lang=\"ES\">Hace unos d\u00edas, el 20 de noviembre, el Papa Francisco en su discurso a los participantes en la II Conferencia Internacional sobre Nutrici\u00f3n que organiz\u00f3 la FAO en Roma, les dijo: <span style=\"background-image: initial; background-attachment: initial; background-size: initial; background-origin: initial; background-clip: initial; background-position: initial; background-repeat: initial;\">\u00ab\u2026Pienso en nuestra hermana y madre tierra, en el planeta, si somos libres de presiones pol\u00edticas y econ\u00f3micas para cuidarlo, para evitar que se autodestruya. Tenemos adelante Per\u00fa y Francia, dos conferencias que nos desaf\u00edan, cuidar el planeta. Recuerdo una frase que escuch\u00e9 de un anciano hace muchos a\u00f1os: Dios siempre perdona\u2026 las ofensas, los maltratos. Dios siempre perdona, los hombres perdonamos a veces, pero la tierra no perdona nunca. Cuidar a la hermana tierra, la madre tierra, Pachamama como le decimos en los andes, para que no responda con la destrucci\u00f3n\u00bb<a href=\"file:\/\/\/C:\/Documents%20and%20Settings\/Miriam\/Escritorio\/Discurso%20de%20monsen%CC%83or%20Pin%CC%83eiro%20para%20el%205%20de%20diciembre%20-%20final%20revisado.doc#_ftn1\" name=\"_ftnref1\" title=\"\"><span class=\"MsoFootnoteReference\"><!--[if !supportFootnotes]--><span class=\"MsoFootnoteReference\"><span lang=\"ES\" style=\"font-size: 11pt; line-height: 115%; font-family: Calibri, sans-serif; color: black; background-image: initial; background-attachment: initial; background-size: initial; background-origin: initial; background-clip: initial; background-position: initial; background-repeat: initial;\">[1]<\/span><\/span><!--[endif]--><\/span><\/a>. <\/span><\/span>Compartimos la preocupaci\u00f3n de nuestro Papa Francisco y con sus palabras de \u00e1nimo en este di\u00e1logo. <span lang=\"ES\"><o:p><\/o:p><\/span><\/p>\n<p class=\"MsoNormal\" style=\"margin-bottom: 0.0001pt; text-align: justify; text-indent: 14.2pt; background-image: initial; background-attachment: initial; background-size: initial; background-origin: initial; background-clip: initial; background-position: initial; background-repeat: initial;\">Tengo muchas inquietudes compartidas con mis hermanos obispos y con los laicos que hoy nos acompa\u00f1an y los miembros de la Red Panamaz\u00f3nica. Lo que voy a decir se sustenta en las reuniones previas mantenidas con las diferentes instituciones nacionales e internacionales. Quiero expresar lo siguiente:<o:p><\/o:p><\/p>\n<p class=\"MsoNormal\" style=\"margin-bottom: 0.0001pt; text-align: justify; text-indent: 14.2pt; background-image: initial; background-attachment: initial; background-size: initial; background-origin: initial; background-clip: initial; background-position: initial; background-repeat: initial;\"><o:p>\u00a0<\/o:p><\/p>\n<p class=\"titulo1\" style=\"margin: 0cm 0cm 0.0001pt;\"><span style=\"font-family:\"Calibri\",\"sans-serif\";mso-ascii-theme-font:minor-latin;\nmso-hansi-theme-font:minor-latin;mso-ansi-language:ES-PE\">1.- Nuestra realidad: los pobres son los m\u00e1s afectados por el cambio clim\u00e1tico \u00a0<o:p><\/o:p><\/span><\/p>\n<p class=\"MsoNormal\" style=\"margin-bottom: 0.0001pt; text-align: justify; text-indent: 14.2pt; background-image: initial; background-attachment: initial; background-size: initial; background-origin: initial; background-clip: initial; background-position: initial; background-repeat: initial;\">Me inspira esta noche lo que nuestro querido Papa Francisco viene diciendo al mundo en diferentes intervenciones. \u00abNo se entiende que el amor a los pobres est\u00e1 al centro del Evangelio. Tierra, techo y trabajo, eso por lo que ustedes luchan, son derechos sagrados. Reclamar esto no es nada raro, es la doctrina social de la Iglesia\u00bb<a href=\"file:\/\/\/C:\/Documents%20and%20Settings\/Miriam\/Escritorio\/Discurso%20de%20monsen%CC%83or%20Pin%CC%83eiro%20para%20el%205%20de%20diciembre%20-%20final%20revisado.doc#_ftn2\" name=\"_ftnref2\" title=\"\"><span class=\"MsoFootnoteReference\"><!--[if !supportFootnotes]--><span class=\"MsoFootnoteReference\"><span style=\"font-size:11.0pt;line-height:115%;\nfont-family:\"Calibri\",\"sans-serif\";mso-ascii-theme-font:minor-latin;mso-fareast-font-family:\nSimSun;mso-hansi-theme-font:minor-latin;mso-bidi-font-family:\"Times New Roman\";\nmso-ansi-language:ES-PE;mso-fareast-language:ES;mso-bidi-language:ES\">[2]<\/span><\/span><!--[endif]--><\/span><\/a>. <o:p><\/o:p><\/p>\n<p class=\"MsoNormal\" style=\"margin-bottom: 0.0001pt; text-align: justify; text-indent: 14.2pt; background-image: initial; background-attachment: initial; background-size: initial; background-origin: initial; background-clip: initial; background-position: initial; background-repeat: initial;\">Trabajamos d\u00eda a d\u00eda, \u201chombro con hombro\u201d, con las comunidades m\u00e1s pobres y vulnerables, y vemos las situaciones en las que viven, as\u00ed como el impacto del cambio clim\u00e1tico en su vida diaria y en sus esfuerzos por sobrevivir.<o:p><\/o:p><\/p>\n<p class=\"MsoNormal\" style=\"margin-bottom: 0.0001pt; text-align: justify; text-indent: 14.2pt; background-image: initial; background-attachment: initial; background-size: initial; background-origin: initial; background-clip: initial; background-position: initial; background-repeat: initial;\">Hay una relaci\u00f3n directa entre cambio clim\u00e1tico y desarrollo sostenible; \u00e9sto porque el cambio clim\u00e1tico limita el desarrollo humano integral. El da\u00f1o ocasionado a los recursos naturales y a la biodiversidad representa una amenaza directa a la supervivencia de nuestro planeta. <o:p><\/o:p><\/p>\n<p class=\"MsoNormal\" style=\"margin-bottom: 0.0001pt; text-align: justify; text-indent: 14.2pt; background-image: initial; background-attachment: initial; background-size: initial; background-origin: initial; background-clip: initial; background-position: initial; background-repeat: initial;\">M\u00e1s de 800 millones de personas en el mundo no tienen acceso a suficientes alimentos para sobrevivir, y el cambio clim\u00e1tico est\u00e1 amenazando con tener a\u00fan m\u00e1s impactos negativos sobre la producci\u00f3n de alimentos y sobre todos los aspectos de la seguridad alimentaria. <o:p><\/o:p><\/p>\n<p class=\"MsoNormal\" style=\"margin-bottom: 0.0001pt; text-align: justify; text-indent: 14.2pt; background-image: initial; background-attachment: initial; background-size: initial; background-origin: initial; background-clip: initial; background-position: initial; background-repeat: initial;\">Los m\u00e1s pobres, especialmente las mujeres, ni\u00f1os y personas con habilidades diferentes en \u00e1reas rurales, quienes menos han contribuido al calentamiento del planeta, son injustamente los m\u00e1s afectados por el cambio clim\u00e1tico. Son los menos equipados para resistir los efectos negativos del mencionado cambio y carecen de voz o representaci\u00f3n en la toma de las decisiones pol\u00edticas. De acuerdo con la Pontificia Academia de Ciencias Sociales, el 40% de los m\u00e1s pobres sufren los mayores impactos.<o:p><\/o:p><\/p>\n<p class=\"MsoNormal\" style=\"margin-bottom: 0.0001pt; text-align: justify; text-indent: 14.2pt; background-image: initial; background-attachment: initial; background-size: initial; background-origin: initial; background-clip: initial; background-position: initial; background-repeat: initial;\">Desgraciadamente estos impactos se est\u00e1n sintiendo en todo el mundo. La regi\u00f3n pan-amaz\u00f3nica, en especial, se enfrenta a numerosos y complejos desaf\u00edos. Es un bioma en donde la vida se manifiesta en toda su diversidad, es un regalo de Dios para todos. No obstante, se sigue devastando a un ritmo acelerado: inversiones extractivas en gran escala, extensos monocultivos originan el cambio clim\u00e1tico, amenazan su entorno y socavan la dignidad y el derecho de los pueblos a la autodeterminaci\u00f3n, dejando de lado el Convenio 169 de la OIT y, en general, vejando al rostro de Cristo encarnado en las comunidades ind\u00edgenas, costeras, rurales y urbanas y en la gente de ascendencia africana. <o:p><\/o:p><\/p>\n<p class=\"titulo1\" style=\"margin: 0cm 0cm 0.0001pt;\"><span style=\"font-family:\"Calibri\",\"sans-serif\";mso-ascii-theme-font:minor-latin;\nmso-hansi-theme-font:minor-latin;mso-ansi-language:ES-PE\">2.- \u00bfQu\u00e9 est\u00e1 pasando en nuestro mundo? Ante el actual <\/span><span lang=\"ES\" style=\"font-family:\"Calibri\",\"sans-serif\";\nmso-ascii-theme-font:minor-latin;mso-hansi-theme-font:minor-latin\">patr\u00f3n de extracci\u00f3n de recursos naturales que ocasiona da\u00f1os ecol\u00f3gicos y acelera el cambio clim\u00e1tico, me pregunto: \u00bfEste modelo no deber\u00eda cambiar?<\/span><span style=\"font-family:\"Calibri\",\"sans-serif\";mso-ascii-theme-font:minor-latin;\nmso-hansi-theme-font:minor-latin;mso-ansi-language:ES-PE\"><o:p><\/o:p><\/span><\/p>\n<p class=\"MsoNormal\" style=\"margin-bottom: 0.0001pt; text-align: justify; text-indent: 14.2pt;\"><span lang=\"ES\">Observamos que la deforestaci\u00f3n, la degradaci\u00f3n del suelo, el agotamiento de los recursos naturales y los asentamientos humanos en tierras vulnerables al desastre son ejemplos claros de pr\u00e1cticas que afectan la calidad de la vida y aceleran el cambio clim\u00e1tico. La transformaci\u00f3n descontrolada de la tierra por determinada actividad humana exacerba la vulnerabilidad de las sociedades, golpeando fuertemente a los grupos m\u00e1s pobres y excluidos. El problema del cambio clim\u00e1tico es, ante todo, un problema de sostenibilidad. <o:p><\/o:p><\/span><\/p>\n<p class=\"MsoNormal\" style=\"margin-bottom: 0.0001pt; text-align: justify; text-indent: 14.2pt;\"><span lang=\"ES\">El Per\u00fa es uno de los diez pa\u00edses m\u00e1s afectados por el cambio clim\u00e1tico a nivel mundial, lo que se manifiesta, por ejemplo, en la p\u00e9rdida del volumen de los glaciares andinos, en el Fen\u00f3meno \u00abEl Ni\u00f1o\u00bb y en los cambios, entre otros, en los reg\u00edmenes de las lluvias, que afectan principalmente a las poblaciones m\u00e1s d\u00e9biles de las zonas rurales y a todos los sectores de la poblaci\u00f3n. Miles de hect\u00e1reas de cultivos principales para la canasta alimentaria se han ido perdiendo; de otra parte, las campa\u00f1as agr\u00edcolas presentan p\u00e9rdidas significativas.<o:p><\/o:p><\/span><\/p>\n<p class=\"MsoNormal\" style=\"margin-bottom: 0.0001pt; text-align: justify; text-indent: 14.2pt;\"><span lang=\"ES\">\u00bfNo les parece que deber\u00eda haber una mayor responsabilidad ecol\u00f3gica y social por parte de las empresas, elaborando para ello pol\u00edticas p\u00fablicas sectoriales, para establecer pr\u00e1cticas comerciales responsables y sostenibles? <o:p><\/o:p><\/span><\/p>\n<p class=\"MsoNormal\" style=\"margin-bottom: 0.0001pt; text-align: justify; text-indent: 14.2pt;\"><span lang=\"ES\">Considero tambi\u00e9n que se deben implantar requisitos obligatorios para que las empresas intensifiquen sus buenas pr\u00e1cticas en relaci\u00f3n a los impactos sociales y ecol\u00f3gicos, especialmente en el territorio de los pa\u00edses anfitriones. Por ejemplo, se deber\u00eda obligar a las empresas a reconocer y respetar la propiedad consuetudinaria de las comunidades ind\u00edgenas respecto de tierras y recursos naturales. Lo decimos desde aqu\u00ed, porque sufrimos la mayor\u00eda de los conflictos socioambientales. Felizmente nosotros, como Iglesia, acompa\u00f1amos muchas experiencias para transformar estos conflictos en oportunidades de desarrollo y de paz.<o:p><\/o:p><\/span><\/p>\n<p class=\"MsoNormal\" style=\"margin-bottom: 0.0001pt; text-align: justify; text-indent: 14.2pt;\"><span lang=\"ES\">Me siento comprometido a decir que se debe introducir la obligaci\u00f3n de informar al p\u00fablico sobre los impactos medioambientales de las operaciones de las empresas. De esta manera, tanto los individuos como las comunidades podr\u00edan adoptar una postura social y ecol\u00f3gicamente responsable. <o:p><\/o:p><\/span><\/p>\n<p class=\"titulo1\" style=\"margin: 0cm 0cm 0.0001pt;\"><span lang=\"ES\" style=\"font-family:\"Calibri\",\"sans-serif\";mso-ascii-theme-font:minor-latin;\nmso-hansi-theme-font:minor-latin\">3. \u00bfQu\u00e9 podemos hacer ante esta realidad?<o:p><\/o:p><\/span><\/p>\n<p class=\"MsoNormal\" style=\"margin-bottom: 0.0001pt; text-align: justify; text-indent: 14.2pt;\"><span lang=\"ES\">Creo que es de suma importancia que los acuerdos de esta COP 20 se puedan afirmar el a\u00f1o 2015 en Francia, en la COP 21. \u00a1De cu\u00e1nto provecho ser\u00eda lograr un acuerdo jur\u00eddico internacional, relevante y vinculante, que sea aplicable a todos los Estados!<o:p><\/o:p><\/span><\/p>\n<p class=\"MsoNormal\" style=\"margin-bottom: 0.0001pt; text-align: justify; text-indent: 14.2pt;\"><span lang=\"ES\">Estas preocupaciones se deben traducir con urgencia en ocupaciones concretas mediante un compromiso serio, respaldado de inmediato por una financiaci\u00f3n adecuada, v\u00eda el Fondo Verde, para proteger el clima. Compromiso que implique un firme cambio en los patrones de producci\u00f3n y consumo, a fin de promover cadenas alimentarias m\u00e1s cortas, reconociendo el papel fundamental de los peque\u00f1os agricultores, contando con un enfoque adecuado para evitar que se adopten soluciones falsas al cambio clim\u00e1tico. Es tambi\u00e9n muy necesaria la reducci\u00f3n de riesgos de desastres e incentivar la resiliencia de las comunidades. Pero, para lograrlo se necesita m\u00e1s decisi\u00f3n, garantizar los recursos que se han establecido para el Fondo Verde.<o:p><\/o:p><\/span><\/p>\n<p class=\"MsoNormal\" style=\"margin-bottom: 0.0001pt; text-align: justify; text-indent: 14.2pt;\"><span lang=\"ES\">Teniendo en cuenta que est\u00e1 por cumplirse el plazo dado para las mestas de desarrollo del milenio (MDG), es muy urgente un nuevo acuerdo para lograr los Objetivos de Desarrollo Sostenible (ODS) despu\u00e9s del 2015. Piensen en el acuerdo enfocado en luchar contra la pobreza e incentivar un desarrollo verdaderamente sostenible, que incorpore acciones muy relevantes para combatir el cambio clim\u00e1tico.<o:p><\/o:p><\/span><\/p>\n<p class=\"MsoNormal\" style=\"margin-bottom: 0.0001pt; text-align: justify; text-indent: 14.2pt;\"><span lang=\"ES\">La degradaci\u00f3n medioambiental est\u00e1 directamente ligada a la pobreza y a la exclusi\u00f3n social, lo que demuestra que la pobreza y la \u00abmiseria ecol\u00f3gica\u00bb son inseparables, como lo han dicho recientemente mis hermanos del episcopado filipino. No puede existir armon\u00eda ecol\u00f3gica en un mundo caracterizado por estructuras sociales injustas; asimismo, las desigualdades sociales extremas no pueden coexistir con la sostenibilidad ambiental. La ra\u00edz de la crisis ecol\u00f3gica no es simplemente un problema econ\u00f3mico y medioambiental. Es tambi\u00e9n un <i>problema moral<\/i>.<o:p><\/o:p><\/span><\/p>\n<p class=\"MsoNormal\" style=\"margin-bottom: 0.0001pt; text-align: justify; text-indent: 14.2pt;\"><span lang=\"ES\">Digo esto porque nosotros trabajamos en la promoci\u00f3n, la defensa y el respeto constante de la vida humana, que se extiende al respeto por toda la Creaci\u00f3n. Es muy importante estar atentos a la visi\u00f3n mundial que afirma la importancia \u00e9tica de la interdependencia de todo el mundo y el bien com\u00fan. <o:p><\/o:p><\/span><\/p>\n<p class=\"MsoNormal\" style=\"margin-bottom: 0.0001pt; text-align: justify; text-indent: 14.2pt;\"><span lang=\"ES\">Defendemos todo lo anterior porque queremos vivir una \u00e9tica de solidaridad que promueve la cooperaci\u00f3n en una estructura justa de compartir con toda la comunidad mundial. <o:p><\/o:p><\/span><\/p>\n<p class=\"MsoNormal\" style=\"margin-bottom: 0.0001pt; text-align: justify; text-indent: 14.2pt;\"><span lang=\"ES\">Y tambi\u00e9n, porque partimos de un entendimiento del prop\u00f3sito universal de la creaci\u00f3n que requiere el uso responsable y equitativo de los recursos del planeta, desde una opci\u00f3n por los pobres, que le da pasi\u00f3n a la b\u00fasqueda de un mundo equitativo y sostenible.<o:p><\/o:p><\/span><\/p>\n<p class=\"MsoNormal\" style=\"margin-bottom: 0.0001pt; text-align: justify; text-indent: 14.2pt;\"><span lang=\"ES\">La Doctrina Social de la Iglesia se preocupa porque est\u00e9n presentes en la pol\u00edtica medioambiental las aut\u00e9nticas soluciones a los problemas ecol\u00f3gicos que hoy enfrentamos. El leg\u00edtimo desarrollo respeta la dignidad humana y los l\u00edmites de nuestro planeta.<o:p><\/o:p><\/span><\/p>\n<p class=\"MsoNormal\" style=\"margin-bottom: 0.0001pt; text-align: justify; text-indent: 14.2pt;\"><span lang=\"ES\">La respuesta al cambio clim\u00e1tico debe involucrar a toda la humanidad: todos tenemos un papel indispensable que desempe\u00f1ar. Adem\u00e1s de los argumentos cient\u00edficos, t\u00e9cnicos y econ\u00f3micos, las soluciones deben incluir inquietudes \u00e9ticas y morales. El impacto del cambio clim\u00e1tico se ha de abordar teniendo muy en cuenta el amplio espectro de los derechos humanos, incluyendo el derecho universal a la alimentaci\u00f3n adecuada.\u00a0 <o:p><\/o:p><\/span><\/p>\n<p class=\"MsoNormal\" style=\"margin-bottom: 0.0001pt; text-align: justify; text-indent: 14.2pt;\"><span lang=\"ES\">Tenemos por delante una gran tarea. La tarea de enfrentar el cambio clim\u00e1tico, reduciendo dr\u00e1sticamente las emisiones de gases de efecto invernadero y ayudando a las comunidades m\u00e1s pobres a adaptarse de una forma sostenible a los efectos, que por culpa de dicho cambio, ya est\u00e1n padeciendo. Es una tarea que requiere acciones inmediatas a corto, mediano y largo plazo. No podemos permitir que la temperatura del planeta aumente m\u00e1s de 2 grados cent\u00edgrados en el pr\u00f3ximo quinquenio. Hemos de lograr que la temperatura del planeta empiece a bajar antes del 2020. Para el a\u00f1o 2050 deber\u00eda lograrse una reducci\u00f3n de las emisiones de gases de efecto invernadero no menor del 90%. Ello significa llegar a compromisos muy firmes y relevantes, de conformidad con la Convenci\u00f3n Marco de Naciones Unidas sobre el Cambio Clim\u00e1tico (CMNUCC).<o:p><\/o:p><\/span><\/p>\n<p class=\"MsoNormal\" style=\"margin-bottom: 0.0001pt; text-align: justify; text-indent: 14.2pt;\"><span lang=\"ES\">Si hacemos frente a este desaf\u00edo ecol\u00f3gico, las importantes decisiones pol\u00edticas que se tomar\u00e1n en los pr\u00f3ximos meses representar\u00e1n una verdadera oportunidad para que los encargados de decidir a nivel mundial coloquen a los pobres y el cuidado de la creaci\u00f3n en el centro de nuestros procesos globales. Adem\u00e1s es urgente tomar conciencia de que a nivel de los pa\u00edses del mundo existen responsabilidades compartidas y tambi\u00e9n diferenciadas. <o:p><\/o:p><\/span><\/p>\n<p class=\"MsoNormal\" style=\"margin-bottom: 0.0001pt; text-align: justify; text-indent: 14.2pt;\"><span lang=\"ES\">Pido al Dios de la vida que nos acompa\u00f1e en estos tiempos dif\u00edciles para no bajar la intensidad de nuestro compromiso. Si hay algo que no debe perder su ardor es nuestro coraz\u00f3n para que abrigue la esperanza de la gente por un mundo limpio, sano, fraterno y justo. <o:p><\/o:p><\/span><\/p>\n<p class=\"MsoNormal\" style=\"margin-bottom: 0.0001pt; text-align: justify; text-indent: 14.2pt;\"><span lang=\"ES\">No hay tiempo para dudar, el compromiso es ahora.<o:p><\/o:p><\/span><\/p>\n<p class=\"MsoNormal\" style=\"margin-bottom: 0.0001pt; text-align: justify; text-indent: 14.2pt;\"><span lang=\"ES\">Muchas gracias.<o:p><\/o:p><\/span><\/p>\n<p class=\"MsoNormal\" style=\"margin-bottom: 0.0001pt; text-align: justify; text-indent: 14.2pt;\"><span lang=\"ES\">\u00a0<\/span><\/p>\n<p class=\"MsoNormal\" style=\"margin-bottom: 0.0001pt; text-align: justify; text-indent: 14.2pt;\"><i><span lang=\"ES\">Monse\u00f1or Salvador Pi\u00f1eiro Garc\u00eda-Calder\u00f3n<o:p><\/o:p><\/span><\/i><\/p>\n<p class=\"MsoNormal\" style=\"margin-bottom: 0.0001pt; text-align: justify; text-indent: 14.2pt;\"><i><span lang=\"ES\">Presidente de la Conferencia Episcopal Peruana<o:p><\/o:p><\/span><\/i><\/p>\n<p class=\"MsoNormal\" style=\"margin-bottom: 0.0001pt; text-align: justify; text-indent: 14.2pt;\"><i><span lang=\"ES\">Diciembre de 2014 \u00a0<\/span><\/i><span lang=\"ES\">\u00a0<i><o:p><\/o:p><\/i><\/span><\/p>\n<div><!--[if !supportFootnotes]--><br clear=\"all\" \/><\/p>\n<hr align=\"left\" size=\"1\" width=\"33%\" \/>\n<!--[endif]--><\/p>\n<div id=\"ftn1\">\n<p class=\"MsoFootnoteText\"><a href=\"file:\/\/\/C:\/Documents%20and%20Settings\/Miriam\/Escritorio\/Discurso%20de%20monsen%CC%83or%20Pin%CC%83eiro%20para%20el%205%20de%20diciembre%20-%20final%20revisado.doc#_ftnref1\" name=\"_ftn1\" title=\"\"><span class=\"MsoFootnoteReference\"><span lang=\"ES\" style=\"font-family:\"Times New Roman\",\"serif\"\"><!--[if !supportFootnotes]--><span class=\"MsoFootnoteReference\"><span lang=\"ES\" style=\"font-size: 10pt; line-height: 115%;\">[1]<\/span><\/span><!--[endif]--><\/span><\/span><\/a><span lang=\"ES\" style=\"font-family:\"Times New Roman\",\"serif\"\"> <span style=\"background-image: initial; background-attachment: initial; background-size: initial; background-origin: initial; background-clip: initial; background-position: initial; background-repeat: initial;\">Papa Francisco: Discurso en la FAO, 20 de noviembre de 2014.<\/span><\/span><span lang=\"ES-TRAD\" style=\"font-family:\"Times New Roman\",\"serif\";mso-ansi-language:\nES-TRAD\"><o:p><\/o:p><\/span><\/p>\n<\/div>\n<div id=\"ftn2\">\n<p class=\"MsoFootnoteText\"><a href=\"file:\/\/\/C:\/Documents%20and%20Settings\/Miriam\/Escritorio\/Discurso%20de%20monsen%CC%83or%20Pin%CC%83eiro%20para%20el%205%20de%20diciembre%20-%20final%20revisado.doc#_ftnref2\" name=\"_ftn2\" title=\"\"><span class=\"MsoFootnoteReference\"><span lang=\"ES\" style=\"font-family:\"Times New Roman\",\"serif\"\"><!--[if !supportFootnotes]--><span class=\"MsoFootnoteReference\"><span lang=\"ES\" style=\"font-size: 10pt; line-height: 115%;\">[2]<\/span><\/span><!--[endif]--><\/span><\/span><\/a><span lang=\"ES\" style=\"font-family:\"Times New Roman\",\"serif\"\"> <\/span><span style=\"font-family:\"Times New Roman\",\"serif\";mso-ansi-language:ES-PE\">Encuentro Mundial del Papa con los Movimientos Populares. 28 de octubre de 2014.<\/span><span lang=\"ES-TRAD\" style=\"font-family:\"Times New Roman\",\"serif\";mso-ansi-language:\nES-TRAD\"><o:p><\/o:p><\/span><\/p>\n<\/div>\n<\/div>\n<p><a href=\"http:\/\/web.hilo.org.pe\/wp-content\/uploads\/FOTO 11 web.jpg\" target=\"_blank\" rel=\"noopener\">Ver archivo adjunto<\/a><\/p>\n","protected":false},"excerpt":{"rendered":"<p>REUNI?N DE ALTO NIVEL<br \/>\n(05 DE DICIEMBRE DE 2014)<\/p>\n<p>El Se?or nos regala una buena oportunidad para encontrarnos y compartir nuestras inquietudes sobre un tema de actualidad, el cambio clim?tico.<br \/>\nComo Presidente de la Conferencia Episcopal Peruana, les he convocado hoy a esta reuni?n de alto nivel entre los representantes de los gobiernos y nosotros ?representantes de la Iglesia Cat?lica? para alcanzarles nuestras preocupaciones y propuestas sobre el tema que ha concitado la atenci?n de todo el mundo durante estos d?as, y cuyo centro ha sido nuestro pa?s, para hablar del cambio clim?tico y de su impacto en toda la humanidad y ?de manera especial? en las poblaciones m?s empobrecidas y marginadas. Hemos de hablar tambi?n de la justicia clim?tica y acordar el modo de cuidar los bienes de la Creaci?n.<\/p>\n","protected":false},"author":1,"featured_media":0,"comment_status":"closed","ping_status":"closed","sticky":false,"template":"","format":"standard","meta":{"footnotes":""},"categories":[9],"tags":[],"class_list":["post-2106","post","type-post","status-publish","format-standard","hentry","category-noticias"],"_links":{"self":[{"href":"https:\/\/ceas.org.pe\/index.php\/wp-json\/wp\/v2\/posts\/2106","targetHints":{"allow":["GET"]}}],"collection":[{"href":"https:\/\/ceas.org.pe\/index.php\/wp-json\/wp\/v2\/posts"}],"about":[{"href":"https:\/\/ceas.org.pe\/index.php\/wp-json\/wp\/v2\/types\/post"}],"author":[{"embeddable":true,"href":"https:\/\/ceas.org.pe\/index.php\/wp-json\/wp\/v2\/users\/1"}],"replies":[{"embeddable":true,"href":"https:\/\/ceas.org.pe\/index.php\/wp-json\/wp\/v2\/comments?post=2106"}],"version-history":[{"count":1,"href":"https:\/\/ceas.org.pe\/index.php\/wp-json\/wp\/v2\/posts\/2106\/revisions"}],"predecessor-version":[{"id":7112,"href":"https:\/\/ceas.org.pe\/index.php\/wp-json\/wp\/v2\/posts\/2106\/revisions\/7112"}],"wp:attachment":[{"href":"https:\/\/ceas.org.pe\/index.php\/wp-json\/wp\/v2\/media?parent=2106"}],"wp:term":[{"taxonomy":"category","embeddable":true,"href":"https:\/\/ceas.org.pe\/index.php\/wp-json\/wp\/v2\/categories?post=2106"},{"taxonomy":"post_tag","embeddable":true,"href":"https:\/\/ceas.org.pe\/index.php\/wp-json\/wp\/v2\/tags?post=2106"}],"curies":[{"name":"wp","href":"https:\/\/api.w.org\/{rel}","templated":true}]}}