{"id":2105,"date":"2014-12-09T09:31:54","date_gmt":"2014-12-09T09:31:54","guid":{"rendered":""},"modified":"2026-03-11T09:12:17","modified_gmt":"2026-03-11T14:12:17","slug":"conferencia-episcopal-peruana-celebro-misa-por-la-cop20","status":"publish","type":"post","link":"https:\/\/ceas.org.pe\/index.php\/2014\/12\/09\/conferencia-episcopal-peruana-celebro-misa-por-la-cop20\/","title":{"rendered":"Conferencia Episcopal Peruana celebr\u00f3 misa por la COP20"},"content":{"rendered":"<p>Como parte de las actividades por la realizaci\u00f3n de la Conferencia de las Partes de la Convenci\u00f3n Marco de las Naciones Unidas sobre el Cambio Clim\u00e1tico, denominado \u201cCOP 20\u201d, este s\u00e1bado 6 de diciembre, se celebrar\u00e1 una Santa Misa por los frutos de esta cumbre clim\u00e1tica, a favor del cuidado del medio ambiente.<\/p>\n<p>La Eucarist\u00eda se celebrar\u00e1 al mediod\u00eda en la Capilla de la Parroquia San Antonio de Padua, en Jes\u00fas Mar\u00eda, y ser\u00e1 presidida por Monse\u00f1or Salvador Pi\u00f1eiro Garc\u00eda Calder\u00f3n, Arzobispo de Ayacucho y Presidente de la Conferencia Episcopal Peruana, y concelebrada por los Obispos que participan en esa cumbre clim\u00e1tica.<\/p>\n<p>As\u00ed tambi\u00e9n, otra de las actividades centrales ser\u00e1 la Reuni\u00f3n de Alto Nivel sobre el Desarrollo Humano, que se realizar\u00e1 hoy, a las 7:00 p.m., en el Colegio Santa Mar\u00eda Marianistas, en Surco. All\u00ed, participar\u00e1n obispos de diversos pa\u00edses, junto a los representantes de los gobiernos participantes de la Cumbre COP 20. El objetivo es analizar las preocupaciones y propuestas de la Iglesia Cat\u00f3lica sobre la justicia clim\u00e1tica y su impacto en las poblaciones empobrecidas y marginadas y en el cuidado de los bienes de la Creaci\u00f3n. <\/p>\n<p>El Per\u00fa, por su enorme biodiversidad, es sumamente fr\u00e1gil frente al cambio clim\u00e1tico. Es por ello que clamamos a Dios, para que primen la responsabilidad global y la justicia clim\u00e1tica en el mundo y las autoridades tomen decisiones firmes y vinculantes frente al aumento de la temperatura en el Planeta. (Fuente: CEP)<\/p>\n<p><a href=\"https:\/\/www.facebook.com\/media\/set\/?set=a.889591861074396.1073741853.114907995209457&#038;type=1\" target=\"_blank\">VER FOTOS<\/a><\/p>\n<p><a href=\"http:\/\/web.hilo.org.pe\/wp-content\/uploads\/misacop20.jpg\" target=\"_blank\" rel=\"noopener\">Ver archivo adjunto<\/a><\/p>\n","protected":false},"excerpt":{"rendered":"<p>Como parte de las actividades por la realizaci?n de la Conferencia de las Partes de la Convenci?n Marco de las Naciones Unidas sobre el Cambio Clim?tico, denominado ?COP 20?, este s?bado 6 de diciembre, se celebrar? una Santa Misa por los frutos de esta cumbre clim?tica, a favor del cuidado del medio ambiente.<\/p>\n","protected":false},"author":1,"featured_media":5502,"comment_status":"closed","ping_status":"closed","sticky":false,"template":"","format":"standard","meta":{"footnotes":""},"categories":[9],"tags":[],"class_list":["post-2105","post","type-post","status-publish","format-standard","has-post-thumbnail","hentry","category-noticias"],"_links":{"self":[{"href":"https:\/\/ceas.org.pe\/index.php\/wp-json\/wp\/v2\/posts\/2105","targetHints":{"allow":["GET"]}}],"collection":[{"href":"https:\/\/ceas.org.pe\/index.php\/wp-json\/wp\/v2\/posts"}],"about":[{"href":"https:\/\/ceas.org.pe\/index.php\/wp-json\/wp\/v2\/types\/post"}],"author":[{"embeddable":true,"href":"https:\/\/ceas.org.pe\/index.php\/wp-json\/wp\/v2\/users\/1"}],"replies":[{"embeddable":true,"href":"https:\/\/ceas.org.pe\/index.php\/wp-json\/wp\/v2\/comments?post=2105"}],"version-history":[{"count":1,"href":"https:\/\/ceas.org.pe\/index.php\/wp-json\/wp\/v2\/posts\/2105\/revisions"}],"predecessor-version":[{"id":7113,"href":"https:\/\/ceas.org.pe\/index.php\/wp-json\/wp\/v2\/posts\/2105\/revisions\/7113"}],"wp:featuredmedia":[{"embeddable":true,"href":"https:\/\/ceas.org.pe\/index.php\/wp-json\/wp\/v2\/media\/5502"}],"wp:attachment":[{"href":"https:\/\/ceas.org.pe\/index.php\/wp-json\/wp\/v2\/media?parent=2105"}],"wp:term":[{"taxonomy":"category","embeddable":true,"href":"https:\/\/ceas.org.pe\/index.php\/wp-json\/wp\/v2\/categories?post=2105"},{"taxonomy":"post_tag","embeddable":true,"href":"https:\/\/ceas.org.pe\/index.php\/wp-json\/wp\/v2\/tags?post=2105"}],"curies":[{"name":"wp","href":"https:\/\/api.w.org\/{rel}","templated":true}]}}