{"id":2104,"date":"2014-12-09T09:28:35","date_gmt":"2014-12-09T09:28:35","guid":{"rendered":""},"modified":"2026-03-11T09:12:17","modified_gmt":"2026-03-11T14:12:17","slug":"edicion-especial-del-catecismo-menor","status":"publish","type":"post","link":"https:\/\/ceas.org.pe\/index.php\/2014\/12\/09\/edicion-especial-del-catecismo-menor\/","title":{"rendered":"Edici\u00f3n especial del Catecismo Menor"},"content":{"rendered":"<p>En el marco del XX S\u00ednodo Arquidiocesano Limense, el Arzobispado de Lima pone a disposici\u00f3n de los fieles la tercera reimpresi\u00f3n de la D\u00e9cima Edici\u00f3n del Catecismo Menor, para que en un formato \u00e1gil, sencillo y econ\u00f3mico puedan estudiar la fe cat\u00f3lica. Se puede adquirir en las oficinas del Arzobispado de Lima y en librer\u00edas San Pablo a partir del lunes 1ro de diciembre.<\/p>\n<p>\nEl prop\u00f3sito del Arzobispado de Lima con las ediciones del Catecismo Menor es mostrar la verdad de nuestra fe cat\u00f3lica y ayudar a la nueva evangelizaci\u00f3n de nuestra sociedad, siguiendo las ense\u00f1anzas recogidas en el Compendio del Catecismo de la Iglesia Cat\u00f3lica y el Magisterio de la Iglesia, de manera especial en este tiempo de consulta del S\u00ednodo Arquidiocesano, donde se viene animando a los fieles a conocer m\u00e1s la fe cat\u00f3lica para que nos puedan enviar su opini\u00f3n para mejorar las labores pastorales en la arquidi\u00f3cesis.<\/p>\n<p>\nLa edici\u00f3n de este a\u00f1o est\u00e1 dedicada al XX S\u00ednodo Arquidiocesano Limense y fue preparada gracias a la asesor\u00eda de la Oficina de Educaci\u00f3n Cat\u00f3lica (ODEC) del Arzobispado de Lima y el trabajo en conjunto con Librer\u00edas San Pablo.<\/p>\n<p>\nEn la presentaci\u00f3n de la nueva reimpresi\u00f3n de la 10\u00ba edici\u00f3n del Catecismo Menor, el Cardenal Juan Luis Cipriani exhorta a los fieles a estudiar el Catecismo de manera especial en el marco del s\u00ednodo como un medio eficaz para profundizar en el estudio de la fe. \u201cEn este a\u00f1o sinodal hemos preparado una nueva edici\u00f3n revisada del Catecismo Menor que resume de manera \u00e1gil y din\u00e1mica los contenidos b\u00e1sicos de la fe cat\u00f3lica, y que viene siendo un instrumento muy \u00fatil y al alcance de todos para la formaci\u00f3n cat\u00f3lica en los colegios, los hogares, las parroquias y las misiones\u201d.<br \/>\nEsta nueva edici\u00f3n tiene un tiraje de 150 mil ejemplares, que sumados a las anteriores, hacen un total -a la fecha- de 730 000 ejemplares del Catecismo Menor que el Arzobispado de Lima ha publicado en los \u00faltimos a\u00f1os.<\/p>\n<p>\nEl Catecismo Menor tiene como costo S\/.1.00 (un nuevo sol), y se podr\u00e1 adquirir en las oficinas del Arzobispado de Lima (Jir\u00f3n Chancay 282, Cercado de Lima) y a lo largo de la red de librer\u00edas San Pablo a nivel nacional. Para mayores informes llamar al tel\u00e9fono 203-7724 (Arzobispado de Lima) y 446-0017 (Librer\u00edas San Pablo).<\/p>\n<p>Fuente: sanpabloperu.com.pe<\/p>\n<p><a href=\"http:\/\/web.hilo.org.pe\/wp-content\/uploads\/catecismomenor.jpg\" target=\"_blank\" rel=\"noopener\">Ver archivo adjunto<\/a><\/p>\n","protected":false},"excerpt":{"rendered":"<p>En el marco del XX S?nodo Arquidiocesano Limense, el Arzobispado de Lima pone a disposici?n de los fieles la tercera reimpresi?n de la D?cima Edici?n del Catecismo Menor, para que en un formato ?gil, sencillo y econ?mico puedan estudiar la fe cat?lica. Se puede adquirir en las oficinas del Arzobispado de Lima y en librer?as San Pablo a partir del lunes 1ro de diciembre.<\/p>\n","protected":false},"author":1,"featured_media":0,"comment_status":"closed","ping_status":"closed","sticky":false,"template":"","format":"standard","meta":{"footnotes":""},"categories":[9],"tags":[],"class_list":["post-2104","post","type-post","status-publish","format-standard","hentry","category-noticias"],"_links":{"self":[{"href":"https:\/\/ceas.org.pe\/index.php\/wp-json\/wp\/v2\/posts\/2104","targetHints":{"allow":["GET"]}}],"collection":[{"href":"https:\/\/ceas.org.pe\/index.php\/wp-json\/wp\/v2\/posts"}],"about":[{"href":"https:\/\/ceas.org.pe\/index.php\/wp-json\/wp\/v2\/types\/post"}],"author":[{"embeddable":true,"href":"https:\/\/ceas.org.pe\/index.php\/wp-json\/wp\/v2\/users\/1"}],"replies":[{"embeddable":true,"href":"https:\/\/ceas.org.pe\/index.php\/wp-json\/wp\/v2\/comments?post=2104"}],"version-history":[{"count":1,"href":"https:\/\/ceas.org.pe\/index.php\/wp-json\/wp\/v2\/posts\/2104\/revisions"}],"predecessor-version":[{"id":7114,"href":"https:\/\/ceas.org.pe\/index.php\/wp-json\/wp\/v2\/posts\/2104\/revisions\/7114"}],"wp:attachment":[{"href":"https:\/\/ceas.org.pe\/index.php\/wp-json\/wp\/v2\/media?parent=2104"}],"wp:term":[{"taxonomy":"category","embeddable":true,"href":"https:\/\/ceas.org.pe\/index.php\/wp-json\/wp\/v2\/categories?post=2104"},{"taxonomy":"post_tag","embeddable":true,"href":"https:\/\/ceas.org.pe\/index.php\/wp-json\/wp\/v2\/tags?post=2104"}],"curies":[{"name":"wp","href":"https:\/\/api.w.org\/{rel}","templated":true}]}}