{"id":2103,"date":"2014-12-06T22:50:26","date_gmt":"2014-12-06T22:50:26","guid":{"rendered":""},"modified":"2026-03-11T09:12:17","modified_gmt":"2026-03-11T14:12:17","slug":"diologo-entre-los-obispos-y-representantes-de-los-paoses-que-participan-en-la-cop-20","status":"publish","type":"post","link":"https:\/\/ceas.org.pe\/index.php\/2014\/12\/06\/diologo-entre-los-obispos-y-representantes-de-los-paoses-que-participan-en-la-cop-20\/","title":{"rendered":"Di\u00f3logo entre los obispos y representantes de los pa\u00f3ses que participan en la COP 20"},"content":{"rendered":"<p>\u00a0<b style=\"text-align: center;\"><span lang=\"ES-TRAD\" style=\"font-size:11.0pt;font-family:\"Calibri\",\"sans-serif\"\">Obispos de distintos continentes, diplom\u00e1ticos representantes de gobiernos y Ministro de Ambiente y Presidente de la COP 20 tuvieron esperanzador di\u00e1logo de alto nivel sobre el cambio clim\u00e1tico<\/span><\/b><\/p>\n<p class=\"MsoNormal\" align=\"center\" style=\"text-align:center\"><span lang=\"ES-TRAD\" style=\"font-size:11.0pt;font-family:\"Calibri\",\"sans-serif\";mso-ascii-theme-font:\nminor-latin;mso-hansi-theme-font:minor-latin\">\u00a0<\/span><\/p>\n<p class=\"MsoNormal\" align=\"center\" style=\"text-align:center\"><span lang=\"ES-TRAD\" style=\"font-size:11.0pt;font-family:\"Calibri\",\"sans-serif\"\">(NOTA DE PRENSA)<o:p><\/o:p><\/span><\/p>\n<p class=\"ecxmsonormal\" style=\"margin: 0cm 0cm 16.2pt; text-align: justify; background-image: initial; background-attachment: initial; background-size: initial; background-origin: initial; background-clip: initial; background-position: initial; background-repeat: initial;\"><span style=\"font-size:11.0pt;font-family:\"Calibri\",\"sans-serif\"\">\u00a0<\/span><\/p>\n<p class=\"ecxmsonormal\" style=\"margin: 0cm 0cm 16.2pt; text-align: justify; background-image: initial; background-attachment: initial; background-size: initial; background-origin: initial; background-clip: initial; background-position: initial; background-repeat: initial;\"><span style=\"font-size: 11pt; font-family: Calibri, sans-serif;\">El colegio de los padres Marianistas ubicado en Surco fue el espacio de encuentro de ayer 5 de diciembre por la noche, entre los obispos de Bangladesh, Sudafrica, Francia, Brasil y los obispos peruanos encabezados por el presidente de la Conferencia Episcopal Peruana y Arzobispo de Ayacucho, Monse\u00f1or Salvador Pi\u00f1eiro, adem\u00e1s de embajadores y representantes de los gobiernos de Francia, Alemania, Reino Unido, Italia, Chile, Bolivia, entre otros.<o:p><\/o:p><\/span><\/p>\n<p class=\"ecxmsonormal\" style=\"margin: 0cm 0cm 16.2pt; text-align: justify; background-image: initial; background-attachment: initial; background-size: initial; background-origin: initial; background-clip: initial; background-position: initial; background-repeat: initial;\"><span style=\"font-size: 11pt; font-family: Calibri, sans-serif;\">El di\u00e1logo tuvo un discurso de apertura a cargo de Monse\u00f1or Pi\u00f1eiro, la intervenci\u00f3n del Dr. Daniel Violetti, vice Secretario Ejecutivo de la UNFCCC, y luego los testimonios de los obispos de Africa y Francia, dando a conocer los impactos del cambio clim\u00e1tico en sus continentes. Luego de estas presentaciones se abri\u00f3 un di\u00e1logo con los asistentes y al final, el Dr. Manuel Pulgar Vidal, Ministro de Ambiente y Presidente de la COP 20, tuvo una intervenci\u00f3n que recogi\u00f3 los aportes y tendi\u00f3 el puente entre la COP 20 y la 21, adem\u00e1s de felicitar la iniciativa de la Conferencia Episcopal Peruana porque ser\u00e1 junto con las otras Iglesias la mejor aliada para llegar a acuerdos sustantivos hacia el cuidado de nuestro planeta.<o:p><\/o:p><\/span><\/p>\n<p class=\"ecxmsonormal\" style=\"margin: 0cm 0cm 16.2pt; text-align: justify; background-image: initial; background-attachment: initial; background-size: initial; background-origin: initial; background-clip: initial; background-position: initial; background-repeat: initial;\"><span style=\"font-size: 11pt; font-family: Calibri, sans-serif;\">Monse\u00f1or Salvador Pi\u00f1eiro en su discurso de Apertura destac\u00f3 la importancia que viene desde el coraz\u00f3n del Evangelio por comprometerse en esta causa mundial de cuidar la creaci\u00f3n. \u201cMe inspira esta noche lo que nuestro querido Papa Francisco viene diciendo al mundo en diferentes intervenciones. \u00abNo se entiende que el amor a los pobres est\u00e1 al centro del Evangelio. Tierra, techo y trabajo, eso por lo que ustedes luchan, son derechos sagrados. Reclamar esto no es nada raro, es la doctrina social de la Iglesia\u00bb<a href=\"file:\/\/\/D:\/SECRETARIA%20EJECUTIVA%202014\/DOCUMENTOS%20HUMBERTO\/ACTIVIDADES%20COP%2020\/NOTAS%20DE%20PRENSA\/NOTA%20DE%20PRENSA%20%206%20de%20diciembre.doc#_ftn1\" name=\"_ftnref1\" title=\"\"><span class=\"MsoFootnoteReference\"><!--[if !supportFootnotes]--><span class=\"MsoFootnoteReference\"><span style=\"font-size:11.0pt;font-family:\"Calibri\",\"sans-serif\";\nmso-fareast-font-family:\"Times New Roman\";mso-bidi-font-family:\"Times New Roman\";\ncolor:black;mso-ansi-language:ES-PE;mso-fareast-language:ES-PE;mso-bidi-language:\nAR-SA\">[1]<\/span><\/span><!--[endif]--><\/span><\/a>. <o:p><\/o:p><\/span><\/p>\n<p class=\"ecxmsonormal\" style=\"margin: 0cm 0cm 16.2pt; text-align: justify; background-image: initial; background-attachment: initial; background-size: initial; background-origin: initial; background-clip: initial; background-position: initial; background-repeat: initial;\"><span style=\"font-size: 11pt; font-family: Calibri, sans-serif;\">La representante <\/span><span style=\"font-size: 11pt; font-family: Calibri, sans-serif;\">del gobierno franc\u00e9s<\/span><span style=\"font-size: 11pt; font-family: Calibri, sans-serif;\"> en el Per\u00fa, record\u00f3 la importancia de las dos cumbres la del Per\u00fa y la pr\u00f3xima a realizarse en su pa\u00eds, por lo que demand\u00f3 una visi\u00f3n conjunta y la movilizaci\u00f3n de la sociedad en pleno. Hacer pensar a los que toman decisiones que el tiempo es ahora, que se debe responsabilizar a los que deciden las pol\u00edticas que tienen que ver con el cuidado del ambiente en el mundo. Para Monse\u00f1or Anton Sipuka, de Sudafrica y para Monse\u00f1or Marc Stenger, de Francia, el cambio clim\u00e1tico crea pobreza y hace crecer la injusticia, estamos llamados a revertir esta situaci\u00f3n con la urgencia que la realidad plantea. <o:p><\/o:p><\/span><\/p>\n<p class=\"ecxmsonormal\" style=\"margin: 0cm 0cm 16.2pt; text-align: justify; background-image: initial; background-attachment: initial; background-size: initial; background-origin: initial; background-clip: initial; background-position: initial; background-repeat: initial;\"><span style=\"font-size: 11pt; font-family: Calibri, sans-serif;\">\u00a0<\/span><\/p>\n<p class=\"ecxmsonormal\" style=\"margin: 0cm 0cm 16.2pt; text-align: justify; background-image: initial; background-attachment: initial; background-size: initial; background-origin: initial; background-clip: initial; background-position: initial; background-repeat: initial;\"><span style=\"font-size: 11pt; font-family: Calibri, sans-serif;\">\u00a0<\/span><\/p>\n<p class=\"ecxmsonormal\" style=\"margin: 0cm 0cm 16.2pt; text-align: justify; background-image: initial; background-attachment: initial; background-size: initial; background-origin: initial; background-clip: initial; background-position: initial; background-repeat: initial;\"><span style=\"font-size: 11pt; font-family: Calibri, sans-serif;\">Monse\u00f1or Pedro Barreto, Arzobispo de Huancayo, presidente del DEJUSOL y moderador del di\u00e1logo, record\u00f3 estas conclusiones desde lo que vemos, lo que juzgamos y lo que debemos hacer. Lo que vemos no es una tragedia, sino un drama que requiere la fe y la valent\u00eda de todos para trabajar unidos, por eso estamos tomando conciencia de la necesidad de un trabajo articulado. El cambio clim\u00e1tico es esencialmente un problema \u00e9tico y moral. Lo que juzgamos: a la tierra se le debe respetar y cuidar. Recordemos que la gran decisi\u00f3n de Jes\u00fas fue tomada en un huerto, ah\u00ed aparecen los rasgos de una espiritualidad, de un estilo de vida\u2026 seamos custodios y guardianes de la creaci\u00f3n que se nos ha sido dada. Y finalmente lo que debemos hacer. Trabajar juntos un pa\u00eds en v\u00edas de desarrollo como el Per\u00fa y un pa\u00eds desarrollado como Francia donde se realizar\u00e1 la COP 21 y los acuerdos que all\u00e1 se tomen nos deben permitir salir con el acuerdo de un camino a recorrer con un plan efectivo para cada pa\u00eds. Buscar la movilizaci\u00f3n de la sociedad y responsabilizar a los que toman las decisiones. Recordar todos los d\u00edas la urgencia clim\u00e1tica, lo importante hay que repetirlo. Finalmente, las Iglesias deben promover un estilo de vida sencillo y austero, promover las mejores pr\u00e1cticas para la adaptaci\u00f3n al cambio clim\u00e1tico.<o:p><\/o:p><\/span><\/p>\n<p class=\"ecxmsonormal\" style=\"margin: 0cm 0cm 0.0001pt; text-align: justify; background-image: initial; background-attachment: initial; background-size: initial; background-origin: initial; background-clip: initial; background-position: initial; background-repeat: initial;\"><span style=\"font-size: 11pt; font-family: Calibri, sans-serif;\">El Ministro Pulgar Vidal al final del di\u00e1logo \u00a0record\u00f3 que el cambio clim\u00e1tico es \u00e9tico y global, que felizmente la solidaridad est\u00e1 en presente en la pr\u00e9dica de nuestras Iglesias y tambi\u00e9n lleva a recordar una \u00e9tica intergeneracional un di\u00e1logo entre todos y por supuesto para buscar un desarrollo que tenga en cuenta la social, lo ambiental y lo humano. El mundo no est\u00e1 dispuesto a un fallo m\u00e1s, es tiempo de actuar, contamos con todos ustedes, dijo refiri\u00e9ndose a los representantes de la Iglesia Cat\u00f3lica y los de otras iglesias tambi\u00e9n invitados. Felicito a la Conferencia Episcopal por esta iniciativa que con seguridad en cada pr\u00e9dica recordar\u00e1 que tambi\u00e9n en cada uno est\u00e1 el cambio.<o:p><\/o:p><\/span><\/p>\n<p class=\"ecxmsonormal\" style=\"margin: 0cm 0cm 0.0001pt; text-align: justify; background-image: initial; background-attachment: initial; background-size: initial; background-origin: initial; background-clip: initial; background-position: initial; background-repeat: initial;\"><span style=\"font-size: 11pt; font-family: Calibri, sans-serif;\">\u00a0<\/span><\/p>\n<p class=\"ecxmsonormal\" style=\"margin: 0cm 0cm 0.0001pt; text-align: justify; background-image: initial; background-attachment: initial; background-size: initial; background-origin: initial; background-clip: initial; background-position: initial; background-repeat: initial;\"><span style=\"font-size: 11pt; font-family: Calibri, sans-serif;\">Hoy al mediod\u00eda en la parroquia San Antonio de Padua de Jes\u00fas Mar\u00eda ser\u00e1 la misa de acci\u00f3n de gracias por todo lo que se haga en funci\u00f3n de cuidar esta maravillosa obra de la creaci\u00f3n del Dios de la vida.<o:p><\/o:p><\/span><\/p>\n<p class=\"ecxmsonormal\" style=\"margin: 0cm 0cm 0.0001pt; text-align: justify; background-image: initial; background-attachment: initial; background-size: initial; background-origin: initial; background-clip: initial; background-position: initial; background-repeat: initial;\"><span style=\"font-size: 11pt; font-family: Calibri, sans-serif;\">\u00a0<\/span><\/p>\n<p class=\"ecxmsonormal\" style=\"margin: 0cm 0cm 0.0001pt; text-align: justify; background-image: initial; background-attachment: initial; background-size: initial; background-origin: initial; background-clip: initial; background-position: initial; background-repeat: initial;\"><span style=\"font-size: 11pt; font-family: Calibri, sans-serif;\">Con el ruego de su difusi\u00f3n <o:p><\/o:p><\/span><\/p>\n<div><!--[if !supportFootnotes]--><br clear=\"all\" \/><\/p>\n<hr align=\"left\" size=\"1\" width=\"33%\" \/>\n<!--[endif]--><\/p>\n<div id=\"ftn1\">\n<p class=\"MsoFootnoteText\"><a href=\"file:\/\/\/D:\/SECRETARIA%20EJECUTIVA%202014\/DOCUMENTOS%20HUMBERTO\/ACTIVIDADES%20COP%2020\/NOTAS%20DE%20PRENSA\/NOTA%20DE%20PRENSA%20%206%20de%20diciembre.doc#_ftnref1\" name=\"_ftn1\" title=\"\"><span class=\"MsoFootnoteReference\"><i><span lang=\"ES\" style=\"font-family:\"Cambria\",\"serif\"\"><!--[if !supportFootnotes]--><span class=\"MsoFootnoteReference\"><b><span lang=\"ES\" style=\"font-size: 10pt;\">[1]<\/span><\/b><\/span><!--[endif]--><\/span><\/i><\/span><\/a><i><span lang=\"ES\" style=\"font-family:\"Cambria\",\"serif\"\"> <\/span><\/i><i><span style=\"font-family:\"Cambria\",\"serif\";\nmso-ansi-language:ES-PE\">Encuentro Mundial del Papa con los Movimientos Populares. 28 de octubre de 2014.<\/span><\/i><i><span lang=\"ES-TRAD\" style=\"font-family:\"Cambria\",\"serif\";mso-ansi-language:ES-TRAD\"><o:p><\/o:p><\/span><\/i><\/p>\n<\/div>\n<\/div>\n<p><a href=\"http:\/\/web.hilo.org.pe\/wp-content\/uploads\/principal dialogo.jpg\" target=\"_blank\" rel=\"noopener\">Ver archivo adjunto<\/a><\/p>\n","protected":false},"excerpt":{"rendered":"<p>Obispos de distintos continentes, diplom?ticos representantes de gobiernos y Ministro de Ambiente y Presidente de la COP 20 tuvieron esperanzador di?logo de alto nivel sobre el cambio clim?tico<\/p>\n<p>(NOTA DE PRENSA)<\/p>\n<p>El colegio de los padres Marianistas ubicado en Surco fue el espacio de encuentro de ayer 5 de diciembre por la noche, entre los obispos de Bangladesh, Sudafrica, Francia, Brasil y los obispos peruanos encabezados por el presidente de la Conferencia Episcopal Peruana y Arzobispo de Ayacucho, Monse?or Salvador Pi?eiro, adem?s de embajadores y representantes de los gobiernos de Francia, Alemania, Reino Unido, Italia, Chile, Bolivia, entre otros.<\/p>\n","protected":false},"author":1,"featured_media":8022,"comment_status":"closed","ping_status":"closed","sticky":false,"template":"","format":"standard","meta":{"footnotes":""},"categories":[9],"tags":[],"class_list":["post-2103","post","type-post","status-publish","format-standard","has-post-thumbnail","hentry","category-noticias"],"_links":{"self":[{"href":"https:\/\/ceas.org.pe\/index.php\/wp-json\/wp\/v2\/posts\/2103","targetHints":{"allow":["GET"]}}],"collection":[{"href":"https:\/\/ceas.org.pe\/index.php\/wp-json\/wp\/v2\/posts"}],"about":[{"href":"https:\/\/ceas.org.pe\/index.php\/wp-json\/wp\/v2\/types\/post"}],"author":[{"embeddable":true,"href":"https:\/\/ceas.org.pe\/index.php\/wp-json\/wp\/v2\/users\/1"}],"replies":[{"embeddable":true,"href":"https:\/\/ceas.org.pe\/index.php\/wp-json\/wp\/v2\/comments?post=2103"}],"version-history":[{"count":1,"href":"https:\/\/ceas.org.pe\/index.php\/wp-json\/wp\/v2\/posts\/2103\/revisions"}],"predecessor-version":[{"id":7115,"href":"https:\/\/ceas.org.pe\/index.php\/wp-json\/wp\/v2\/posts\/2103\/revisions\/7115"}],"wp:featuredmedia":[{"embeddable":true,"href":"https:\/\/ceas.org.pe\/index.php\/wp-json\/wp\/v2\/media\/8022"}],"wp:attachment":[{"href":"https:\/\/ceas.org.pe\/index.php\/wp-json\/wp\/v2\/media?parent=2103"}],"wp:term":[{"taxonomy":"category","embeddable":true,"href":"https:\/\/ceas.org.pe\/index.php\/wp-json\/wp\/v2\/categories?post=2103"},{"taxonomy":"post_tag","embeddable":true,"href":"https:\/\/ceas.org.pe\/index.php\/wp-json\/wp\/v2\/tags?post=2103"}],"curies":[{"name":"wp","href":"https:\/\/api.w.org\/{rel}","templated":true}]}}