{"id":2099,"date":"2014-12-04T09:36:59","date_gmt":"2014-12-04T09:36:59","guid":{"rendered":""},"modified":"2026-03-11T09:12:17","modified_gmt":"2026-03-11T14:12:17","slug":"el-pero-se-prepara-para-implementar-acciones-nacionales-para-enfrentar-el-cambio-climotico","status":"publish","type":"post","link":"https:\/\/ceas.org.pe\/index.php\/2014\/12\/04\/el-pero-se-prepara-para-implementar-acciones-nacionales-para-enfrentar-el-cambio-climotico\/","title":{"rendered":"El Per\u00f3 se prepara para implementar acciones nacionales para enfrentar el cambio clim\u00f3tico"},"content":{"rendered":"<p>El Viceministro de Desarrollo Estrat\u00e9gico de los Recursos Naturales del Ministerio del Ambiente, Gabriel Quijandr\u00eda, se\u00f1al\u00f3 que las Medidas de Mitigaci\u00f3n Apropiadas para cada pa\u00eds, conocida como NAMAs (por sus siglas en ingl\u00e9s), permitir\u00e1n tender puentes hacia un crecimiento econ\u00f3mico m\u00e1s eficiente al introducir el aprovechamiento de oportunidades ligadas a la l\u00f3gica del desarrollo bajo en carbono.<\/p>\n<p>Estas declaraciones fueron realizadas en el side event: \u201cAvances en la implementaci\u00f3n de NAMAs en los sectores energ\u00eda, industria, transporte y residuos s\u00f3lidos en Latinoam\u00e9rica\u201d, organizado en el Pabell\u00f3n Per\u00fa por la Direcci\u00f3n General de Cambio Clim\u00e1tico, Desertificaci\u00f3n y Recursos H\u00eddricos del Ministerio del Ambiente, con la participaci\u00f3n de los representantes del MINAM, PRODUCE, MTC, MinAmbiente-Colombia, MVOTMA Uruguay y UNEP DTU Partnership.<\/p>\n<p>En ese sentido, Juan Narciso, Director General de Calidad Ambiental del Ministerio del Ambiente, se\u00f1al\u00f3 que desde hace a\u00f1os el Per\u00fa viene implementando una serie de programas y planes en materia de gesti\u00f3n de los residuos s\u00f3lidos, acorde con el compromiso internacional del Per\u00fa de reducir las emisiones de Gases de Efecto Invernadero (GEI) en el sector de residuos s\u00f3lidos, y el compromiso nacional de manejar y disponer adecuadamente el 100% de los residuos s\u00f3lidos no reaprovechables del \u00e1mbito municipal.<\/p>\n<p>\u201cA trav\u00e9s del NAMA de residuos s\u00f3lidos, implementado por el Ministerio del Ambiente con el apoyo de los Pa\u00edses N\u00f3rdicos, se busca generar un cambio transformacional en la gesti\u00f3n integral de residuos s\u00f3lidos para la reducci\u00f3n de emisiones de GEI. Adem\u00e1s pretende expandir una plataforma de apoyo t\u00e9cnico para las municipalidades y los actores relevantes que incorpore el desarrollo de capacidades\u201d, acot\u00f3.<\/p>\n<p>Cabe indicar que la inversi\u00f3n de la NAMA asciende a US$ 51.6 millones y uno de los principales desaf\u00edos que enfrenta es mejorar la calidad de los servicios de residuos s\u00f3lidos para facilitar su sostenibilidad econ\u00f3mica.<\/p>\n<p>Por su parte, Rosa Mar\u00eda del Castillo, representante del Ministerio de la Producci\u00f3n, se\u00f1al\u00f3 que el NAMA para el sector ladrillero busca estimular la demanda a trav\u00e9s de actividades orientadas a que los ladrilleros adquieran tecnolog\u00eda y cr\u00e9ditos; as\u00ed como estimular la oferta con actividades orientadas a mostrar la oportunidad de negocio que tendr\u00e1n las ladrilleras.<\/p>\n<p>\u201cLa industria peruana se caracteriza porque m\u00e1s del 85% est\u00e1 compuesta por peque\u00f1as empresas. El trabajo de creaci\u00f3n del ladrillo es semiartesanal, por ello PRODUCE est\u00e1 promoviendo la eficiencia energ\u00e9tica para la reducci\u00f3n de emisiones de GEI en las ladrilleras artesanales. El alcance de este proyecto es de 2300 ladrilleras artesanales y se dar\u00e1 inicio en 2015\u201d, expres\u00f3.<\/p>\n<p>Entre los a\u00f1os 2013 a 2016 se tiene previsto trabajar con 640 ladrilleros artesanales a nivel del pa\u00eds, con los que se espera reducir 104,135 tCO2 anuales y lograr un incremento de ingresos de USD 1\u00b4338,449, agreg\u00f3.<\/p>\n<p>Finalmente, Telmo de la Cruz, representante del Ministerio de Transportes y Comunicaciones, se\u00f1al\u00f3 que el NAMA de transporte urbano sostenible buscar\u00e1 lograr un sistema masivo de transporte integrado y reducir\u00e1 5 MtCO2 en los pr\u00f3ximos 10 a\u00f1os.<\/p>\n<p>Fuente: minam.gob.pe<\/p>\n<p><a href=\"http:\/\/web.hilo.org.pe\/wp-content\/uploads\/cambioclimatico.jpg\" target=\"_blank\" rel=\"noopener\">Ver archivo adjunto<\/a><\/p>\n","protected":false},"excerpt":{"rendered":"<p>El Viceministro de Desarrollo Estrat?gico de los Recursos Naturales del Ministerio del Ambiente, Gabriel Quijandr?a, se?al? que las Medidas de Mitigaci?n Apropiadas para cada pa?s, conocida como NAMAs (por sus siglas en ingl?s), permitir?n tender puentes hacia un crecimiento econ?mico m?s eficiente al introducir el aprovechamiento de oportunidades ligadas a la l?gica del desarrollo bajo en carbono.<\/p>\n","protected":false},"author":1,"featured_media":0,"comment_status":"closed","ping_status":"closed","sticky":false,"template":"","format":"standard","meta":{"footnotes":""},"categories":[9],"tags":[],"class_list":["post-2099","post","type-post","status-publish","format-standard","hentry","category-noticias"],"_links":{"self":[{"href":"https:\/\/ceas.org.pe\/index.php\/wp-json\/wp\/v2\/posts\/2099","targetHints":{"allow":["GET"]}}],"collection":[{"href":"https:\/\/ceas.org.pe\/index.php\/wp-json\/wp\/v2\/posts"}],"about":[{"href":"https:\/\/ceas.org.pe\/index.php\/wp-json\/wp\/v2\/types\/post"}],"author":[{"embeddable":true,"href":"https:\/\/ceas.org.pe\/index.php\/wp-json\/wp\/v2\/users\/1"}],"replies":[{"embeddable":true,"href":"https:\/\/ceas.org.pe\/index.php\/wp-json\/wp\/v2\/comments?post=2099"}],"version-history":[{"count":1,"href":"https:\/\/ceas.org.pe\/index.php\/wp-json\/wp\/v2\/posts\/2099\/revisions"}],"predecessor-version":[{"id":7119,"href":"https:\/\/ceas.org.pe\/index.php\/wp-json\/wp\/v2\/posts\/2099\/revisions\/7119"}],"wp:attachment":[{"href":"https:\/\/ceas.org.pe\/index.php\/wp-json\/wp\/v2\/media?parent=2099"}],"wp:term":[{"taxonomy":"category","embeddable":true,"href":"https:\/\/ceas.org.pe\/index.php\/wp-json\/wp\/v2\/categories?post=2099"},{"taxonomy":"post_tag","embeddable":true,"href":"https:\/\/ceas.org.pe\/index.php\/wp-json\/wp\/v2\/tags?post=2099"}],"curies":[{"name":"wp","href":"https:\/\/api.w.org\/{rel}","templated":true}]}}