{"id":2093,"date":"2014-12-01T14:52:14","date_gmt":"2014-12-01T14:52:14","guid":{"rendered":""},"modified":"2026-03-11T09:12:17","modified_gmt":"2026-03-11T14:12:17","slug":"se-inicia-la-cop-20-y-la-iglesia-catolica-en-el-pero-daro-iniciativas-sobre-el-cambio-climotico","status":"publish","type":"post","link":"https:\/\/ceas.org.pe\/index.php\/2014\/12\/01\/se-inicia-la-cop-20-y-la-iglesia-catolica-en-el-pero-daro-iniciativas-sobre-el-cambio-climotico\/","title":{"rendered":"SE INICIA LA COP 20 Y LA IGLESIA CAT\u00f3LICA EN EL PER\u00f3 DAR\u00f3 INICIATIVAS SOBRE EL CAMBIO CLIM\u00f3TICO"},"content":{"rendered":"<p>\u00a0<b style=\"text-align: center;\"><i>Conferencia Episcopal Peruana<\/i><\/b><\/p>\n<p class=\"MsoNormal\" align=\"center\" style=\"text-align:center\"><o:p><\/o:p><\/p>\n<p class=\"MsoNoSpacing\" align=\"center\" style=\"text-align:center\"><b><u>Nota de Prensa <\/u><\/b><o:p><\/o:p><\/p>\n<p class=\"MsoNoSpacing\" align=\"center\" style=\"text-align:center\"><b>\u00a0 <\/b><o:p><\/o:p><\/p>\n<p class=\"MsoNoSpacing\" align=\"center\" style=\"text-align:center\"><b>SE INICIA LA COP 20 Y LA IGLESIA CAT\u00d3LICA EN EL PER\u00da DAR\u00c1 INICIATIVAS SOBRE EL CAMBIO CLIM\u00c1TICO <\/b><o:p><\/o:p><\/p>\n<p class=\"MsoNoSpacing\" style=\"text-align:justify\">\u00a0 <o:p><\/o:p><\/p>\n<p class=\"MsoNoSpacing\" style=\"text-align:justify\">Hoy, lunes 1 de diciembre se inici\u00f3 en Lima la Conferencia de las Partes de la Convenci\u00f3n Marco de las Naciones Unidas sobre el Cambio Clim\u00e1tico, denominado \u201cCOP 20\u201d. Aqu\u00ed se hacen presentes delegaciones de 195 pa\u00edses, firmantes\u00a0 de la Convenci\u00f3n. Ante ello, la Iglesia en el Per\u00fa no es ajena a este acontecimiento y dar\u00e1 propuestas sobre el cambio clim\u00e1tico, en el marco de este gran evento. <o:p><\/o:p><\/p>\n<p class=\"MsoNoSpacing\" style=\"text-align:justify\">Una de las actividades centrales se realizar\u00e1 este viernes 5 de diciembre, con la Reuni\u00f3n de Alto Nivel sobre el Desarrollo Humano, entre los obispos que vienen de todo el mundo, con representantes de los gobiernos participantes de la Cumbre COP 20. <o:p><\/o:p><\/p>\n<p class=\"MsoNoSpacing\" style=\"text-align:justify\">La cita se realizar\u00e1 a partir de las 7:00 p.m., en el Colegio Santa Mar\u00eda Marianistas, en Surco, y tiene como objetivo analizar las preocupaciones y propuestas de la Iglesia Cat\u00f3lica sobre la justicia clim\u00e1tica y su impacto en las poblaciones empobrecidas y marginadas y en el cuidado de los bienes de la Creaci\u00f3n. <o:p><\/o:p><\/p>\n<p class=\"MsoNoSpacing\" style=\"text-align:justify\">As\u00ed tambi\u00e9n, el s\u00e1bado 6 de diciembre, los Obispos que participan en esa cumbre clim\u00e1tica preparar\u00e1n un mensaje final a todos los pa\u00edses sobre la COP 20. Luego, al mediod\u00eda se celebrar\u00e1 una Solemne Eucarist\u00eda en la Capilla de la Parroquia San Antonio de Padua, Av. San Felipe s\/n, en Jes\u00fas Mar\u00eda, y ser\u00e1 concelebrada por todos los Obispos participantes en esta cumbre. <o:p><\/o:p><\/p>\n<p class=\"MsoNoSpacing\" style=\"text-align:justify\">El Per\u00fa, por su enorme biodiversidad, es sumamente fr\u00e1gil frente al cambio clim\u00e1tico. Es por ello que clamamos a Dios, para que primen la responsabilidad global y la justicia clim\u00e1tica en el mundo y las autoridades tomen decisiones firmes y vinculantes frente al aumento de la temperatura en el Planeta. <o:p><\/o:p><\/p>\n<p class=\"MsoNoSpacing\" style=\"text-align:justify\">\u00a0 <o:p><\/o:p><\/p>\n<p class=\"MsoNoSpacing\" align=\"right\" style=\"text-align:right\">Con el ruego de su difusi\u00f3n <o:p><\/o:p><\/p>\n<p class=\"MsoNoSpacing\" align=\"right\" style=\"text-align:right\">\u00a0 <o:p><\/o:p><\/p>\n<p class=\"MsoNoSpacing\" align=\"right\" style=\"text-align:right\">Oficina de Prensa <o:p><\/o:p><\/p>\n<p class=\"MsoNoSpacing\" style=\"text-align:justify\">\u00a0 <o:p><\/o:p><\/p>\n<p class=\"MsoNoSpacing\" style=\"text-align:justify\">Lima, 01 de diciembre de 2014\u00a0 <o:p><\/o:p><\/p>\n<p class=\"MsoNormal\">\u00a0\u00a0<o:p><\/o:p><\/p>\n<p><a href=\"http:\/\/web.hilo.org.pe\/wp-content\/uploads\/LOGO CEP.jpg\" target=\"_blank\" rel=\"noopener\">Ver archivo adjunto<\/a><\/p>\n","protected":false},"excerpt":{"rendered":"<p>Hoy, lunes 1 de diciembre se inici? en Lima la Conferencia de las Partes de la Convenci?n Marco de las Naciones Unidas sobre el Cambio Clim?tico, denominado ?COP 20?. Aqu? se hacen presentes delegaciones de 195 pa?ses, firmantes  de la Convenci?n. Ante ello, la Iglesia en el Per? no es ajena a este acontecimiento y dar? propuestas sobre el cambio clim?tico, en el marco de este gran evento.<\/p>\n","protected":false},"author":1,"featured_media":8022,"comment_status":"closed","ping_status":"closed","sticky":false,"template":"","format":"standard","meta":{"footnotes":""},"categories":[9],"tags":[],"class_list":["post-2093","post","type-post","status-publish","format-standard","has-post-thumbnail","hentry","category-noticias"],"_links":{"self":[{"href":"https:\/\/ceas.org.pe\/index.php\/wp-json\/wp\/v2\/posts\/2093","targetHints":{"allow":["GET"]}}],"collection":[{"href":"https:\/\/ceas.org.pe\/index.php\/wp-json\/wp\/v2\/posts"}],"about":[{"href":"https:\/\/ceas.org.pe\/index.php\/wp-json\/wp\/v2\/types\/post"}],"author":[{"embeddable":true,"href":"https:\/\/ceas.org.pe\/index.php\/wp-json\/wp\/v2\/users\/1"}],"replies":[{"embeddable":true,"href":"https:\/\/ceas.org.pe\/index.php\/wp-json\/wp\/v2\/comments?post=2093"}],"version-history":[{"count":1,"href":"https:\/\/ceas.org.pe\/index.php\/wp-json\/wp\/v2\/posts\/2093\/revisions"}],"predecessor-version":[{"id":7125,"href":"https:\/\/ceas.org.pe\/index.php\/wp-json\/wp\/v2\/posts\/2093\/revisions\/7125"}],"wp:featuredmedia":[{"embeddable":true,"href":"https:\/\/ceas.org.pe\/index.php\/wp-json\/wp\/v2\/media\/8022"}],"wp:attachment":[{"href":"https:\/\/ceas.org.pe\/index.php\/wp-json\/wp\/v2\/media?parent=2093"}],"wp:term":[{"taxonomy":"category","embeddable":true,"href":"https:\/\/ceas.org.pe\/index.php\/wp-json\/wp\/v2\/categories?post=2093"},{"taxonomy":"post_tag","embeddable":true,"href":"https:\/\/ceas.org.pe\/index.php\/wp-json\/wp\/v2\/tags?post=2093"}],"curies":[{"name":"wp","href":"https:\/\/api.w.org\/{rel}","templated":true}]}}