{"id":2086,"date":"2014-11-27T09:18:21","date_gmt":"2014-11-27T09:18:21","guid":{"rendered":""},"modified":"2026-03-11T09:12:17","modified_gmt":"2026-03-11T14:12:17","slug":"30-de-voctimas-de-trata-de-personas-son-menores-de-edad-segon-la-onu","status":"publish","type":"post","link":"https:\/\/ceas.org.pe\/index.php\/2014\/11\/27\/30-de-voctimas-de-trata-de-personas-son-menores-de-edad-segon-la-onu\/","title":{"rendered":"30% de v\u00f3ctimas de trata de personas son menores de edad, seg\u00f3n la ONU"},"content":{"rendered":"<p>Viena &#8211; Una de cada tres v\u00edctimas de la trata de personas en el mundo es menor de edad -un aumento del 5 % en comparaci\u00f3n con los datos anteriores- y las mujeres suponen el 70 % de quienes padecen esta \u00abforma de esclavitud moderna\u00bb, denunci\u00f3 hoy Naciones Unidas en un informe publicado en Viena.<\/p>\n<p>El \u00abInforme global de 2014 sobre la trata de personas\u00bb de la Oficina de la ONU contra la Droga y el Delito (ONUDD) analiza la situaci\u00f3n de este delito contra los derechos humanos, con datos de 40.000 casos recabados entre 2010 y 2012.<\/p>\n<p>Las cifras muestran que se trata de un problema de alcance global -hay 152 pa\u00edses de origen y 124 pa\u00edses de destino- y que los casos documentados son s\u00f3lo \u00abla punta del iceberg\u00bb de una situaci\u00f3n que afecta a \u00abmillones\u00bb de personas, explic\u00f3 a Efe la investigadora jefe del informe, Kristiina Kangaspunta.<\/p>\n<p>La trata de personas consiste en reclutar, transportar y retener a una persona mediante el uso de la fuerza, la coerci\u00f3n o el enga\u00f1o, con el fin de explotarla, no s\u00f3lo con fines laborales o sexuales, sino tambi\u00e9n para mendigar o, incluso, para el tr\u00e1fico de \u00f3rganos.<\/p>\n<p>La explotaci\u00f3n sexual es, a escala global, el tipo de abuso m\u00e1s frecuente, ya que representa el 53 % de los casos, seg\u00fan la ONUDD, que indica que existen grandes diferencias regionales al respecto.<\/p>\n<p>As\u00ed, si en Asia y \u00c1frica los casos detectados son en su mayor\u00eda de explotaci\u00f3n laboral, en Europa es m\u00e1s frecuente la sexual y en las Am\u00e9ricas se han detectado ambas situaciones.<\/p>\n<p>La trata para trabajos forzados, en el sector manufacturero, textil, la construcci\u00f3n o en labores dom\u00e9sticas, ha aumentado de manera constante en los \u00faltimos cinco a\u00f1os, denuncia la ONU, al precisar que el 35 % de las v\u00edctimas son mujeres.<\/p>\n<p>En algunas regiones -como \u00c1frica y Oriente Medio- la mayor\u00eda de las v\u00edctimas son menores, contabilizando el 62 % del total, mientras que en Europa representan el 18 %, indica la ONU.<\/p>\n<p>Tambi\u00e9n est\u00e1n creciendo los casos de explotaci\u00f3n para fines que no son sexuales o de trabajo forzado, como la mendicidad, peque\u00f1os hurtos o forzar a menores a combatir en conflictos armados, advierte el informe.<\/p>\n<p>Otro problema de este crimen es la impunidad que encuentran los autores debido a la complejidad transnacional del delito, unido a lagunas legislativas o a la existencia de funcionarios que carecen de preparaci\u00f3n para perseguirlos.<\/p>\n<p>Esta impunidad, unida a los grandes beneficios econ\u00f3micos de los explotadores -este delito genera 32.000 millones de d\u00f3lares anuales-, hace que sea una actividad atractiva para el crimen organizado, indica la ONU.<\/p>\n<p>El informe destaca que en el 40 % de los pa\u00edses se registraron escasas o ninguna condena de c\u00e1rcel por este delito, y en los \u00faltimos 10 a\u00f1os no se ha producido ning\u00fan aumento apreciable en la respuesta penal contra la trata.<\/p>\n<p>La gran mayor\u00eda de los tratantes condenados, el 72 %, son hombres y ciudadanos del pa\u00eds en el que explotaban a sus v\u00edctimas, seg\u00fan el informe.<\/p>\n<p>\u00abMuchas personas viven en pa\u00edses con leyes que no est\u00e1n en conformidad con los est\u00e1ndares internacionales que puedan darles plena protecci\u00f3n\u00bb, ha alertado el director ejecutivo de ONUDD, Yuri Fedotov, que cifr\u00f3 en 2.000 millones las personas que viven bajo legislaciones de este tipo.<\/p>\n<p>La ONU advierte de que este delito \u00aboculto\u00bb se produce en todos los lugares del planeta y Kangaspunta, la investigadora responsable del estudio, asegura: \u00abtodos hemos visto v\u00edctimas de trata, pero no las hemos reconocido\u00bb.<\/p>\n<p>Fedetov, por su parte, solicita a los Gobiernos que env\u00eden \u00abuna clara se\u00f1al de que la trata no va a ser tolerada\u00bb, y exige a los Estados que castiguen a los responsables de este delito y se proteja a las v\u00edctimas.<\/p>\n<p>Otro de los problemas que ha detectado la ONU en este informe es que algunos pa\u00edses, pese a contar con legislaciones que castigan este delito, apenas la aplican por falta de personal formado y medios para perseguir a los cr\u00edmenes.<br \/>\n\u00a0<\/p>\n<p>Fuente: diariocorreo.pe<\/p>\n<p><a href=\"http:\/\/web.hilo.org.pe\/wp-content\/uploads\/victimas.jpg\" target=\"_blank\" rel=\"noopener\">Ver archivo adjunto<\/a><\/p>\n","protected":false},"excerpt":{"rendered":"<p>Viena &#8211; Una de cada tres v?ctimas de la trata de personas en el mundo es menor de edad -un aumento del 5 % en comparaci?n con los datos anteriores- y las mujeres suponen el 70 % de quienes padecen esta \u00abforma de esclavitud moderna\u00bb, denunci? hoy Naciones Unidas en un informe publicado en Viena.<\/p>\n","protected":false},"author":1,"featured_media":7895,"comment_status":"closed","ping_status":"closed","sticky":false,"template":"","format":"standard","meta":{"footnotes":""},"categories":[9],"tags":[],"class_list":["post-2086","post","type-post","status-publish","format-standard","has-post-thumbnail","hentry","category-noticias"],"_links":{"self":[{"href":"https:\/\/ceas.org.pe\/index.php\/wp-json\/wp\/v2\/posts\/2086","targetHints":{"allow":["GET"]}}],"collection":[{"href":"https:\/\/ceas.org.pe\/index.php\/wp-json\/wp\/v2\/posts"}],"about":[{"href":"https:\/\/ceas.org.pe\/index.php\/wp-json\/wp\/v2\/types\/post"}],"author":[{"embeddable":true,"href":"https:\/\/ceas.org.pe\/index.php\/wp-json\/wp\/v2\/users\/1"}],"replies":[{"embeddable":true,"href":"https:\/\/ceas.org.pe\/index.php\/wp-json\/wp\/v2\/comments?post=2086"}],"version-history":[{"count":1,"href":"https:\/\/ceas.org.pe\/index.php\/wp-json\/wp\/v2\/posts\/2086\/revisions"}],"predecessor-version":[{"id":7132,"href":"https:\/\/ceas.org.pe\/index.php\/wp-json\/wp\/v2\/posts\/2086\/revisions\/7132"}],"wp:featuredmedia":[{"embeddable":true,"href":"https:\/\/ceas.org.pe\/index.php\/wp-json\/wp\/v2\/media\/7895"}],"wp:attachment":[{"href":"https:\/\/ceas.org.pe\/index.php\/wp-json\/wp\/v2\/media?parent=2086"}],"wp:term":[{"taxonomy":"category","embeddable":true,"href":"https:\/\/ceas.org.pe\/index.php\/wp-json\/wp\/v2\/categories?post=2086"},{"taxonomy":"post_tag","embeddable":true,"href":"https:\/\/ceas.org.pe\/index.php\/wp-json\/wp\/v2\/tags?post=2086"}],"curies":[{"name":"wp","href":"https:\/\/api.w.org\/{rel}","templated":true}]}}