{"id":2083,"date":"2014-11-25T10:34:23","date_gmt":"2014-11-25T10:34:23","guid":{"rendered":""},"modified":"2026-03-11T09:12:18","modified_gmt":"2026-03-11T14:12:18","slug":"programa-del-viaje-apostolico-del-papa-francisco-a-turquoa","status":"publish","type":"post","link":"https:\/\/ceas.org.pe\/index.php\/2014\/11\/25\/programa-del-viaje-apostolico-del-papa-francisco-a-turquoa\/","title":{"rendered":"Programa del viaje apost\u00f3lico del Papa Francisco a Turqu\u00f3a"},"content":{"rendered":"<p>Ciudad del Vaticano,\u00a0 (VIS).- La Oficina de Prensa de la Santa Sede informa hoy de que Su Santidad Francisco, acogiendo la invitaci\u00f3n de las autoridades civiles, de Su Santidad Bartolom\u00e9 I y de los obispos, efectuar\u00e1 un viaje apost\u00f3lico a Turqu\u00eda del 28 al 30 de noviembre de 2014, en el que visitar\u00e1 Ankara y Estambul.<\/p>\n<p>El Papa saldr\u00e1 el viernes 28 a las 9 de la ma\u00f1ana del aeropuerto de Roma Fiumicino y llegar\u00e1 al aeropuerto de Esemboga de Ankara a las 13. Desde all\u00ed ir\u00e1 a visitar desplazar\u00e1 el Mausoleo de Kemal Ataturk y acto seguido se dirigir\u00e1 al Palacio Presidencial donde encontrar\u00e1 al Presidente de la Rep\u00fablica y pronunciar\u00e1 un discurso ante las diversas autoridades. Despu\u00e9s se encontrar\u00e1 con el Primer Ministro y posteriormente visitar\u00e1 al Presidente de Asuntos Religiosos en el Diyanet.<\/p>\n<p>Al d\u00eda siguiente, el s\u00e1bado 29, Francisco partir\u00e1 en avi\u00f3n hasta Estambul donde visitar\u00e1 el museo de Santa Sof\u00eda, la mezquita Sultan Ahmet (la &#8216;mezquita azul&#8217;) y la catedral cat\u00f3lica del Esp\u00edritu Santo donde celebrar\u00e1 una misa. M\u00e1s tarde, durante una ceremonia ecum\u00e9nica rezar\u00e1 en la Iglesia Patriarcal de san Jorge y en el Palacio Patriarcal encontrar\u00e1 de manera privada a Su Santidad Bartolom\u00e9 I.<\/p>\n<p>El domingo 30 el Santo Padre celebrar\u00e1 una misa en privado en la Delegaci\u00f3n Apost\u00f3lica. En la iglesia patriarcal de San Jorge asistir\u00e1 a la Divina Liturgia y pronunciar\u00e1 un discurso al que seguir\u00e1 la bendici\u00f3n ecum\u00e9nica y la firma de una declaraci\u00f3n conjunta con el Patriarca Bartolom\u00e9. Ya por la tarde, desde el aeropuerto de Estambul regresar\u00e1 a Roma. Se prev\u00e9 su llegada al aeropuerto de Fiumicino a las 18.40 horas.<\/p>\n<p>Fuente: news.va<\/p>\n<p><a href=\"http:\/\/web.hilo.org.pe\/wp-content\/uploads\/turquia.jpg\" target=\"_blank\" rel=\"noopener\">Ver archivo adjunto<\/a><\/p>\n","protected":false},"excerpt":{"rendered":"<p>Ciudad del Vaticano,  (VIS).- La Oficina de Prensa de la Santa Sede informa hoy de que Su Santidad Francisco, acogiendo la invitaci?n de las autoridades civiles, de Su Santidad Bartolom? I y de los obispos, efectuar? un viaje apost?lico a Turqu?a del 28 al 30 de noviembre de 2014, en el que visitar? Ankara y Estambul.<\/p>\n","protected":false},"author":1,"featured_media":7855,"comment_status":"closed","ping_status":"closed","sticky":false,"template":"","format":"standard","meta":{"footnotes":""},"categories":[9],"tags":[],"class_list":["post-2083","post","type-post","status-publish","format-standard","has-post-thumbnail","hentry","category-noticias"],"_links":{"self":[{"href":"https:\/\/ceas.org.pe\/index.php\/wp-json\/wp\/v2\/posts\/2083","targetHints":{"allow":["GET"]}}],"collection":[{"href":"https:\/\/ceas.org.pe\/index.php\/wp-json\/wp\/v2\/posts"}],"about":[{"href":"https:\/\/ceas.org.pe\/index.php\/wp-json\/wp\/v2\/types\/post"}],"author":[{"embeddable":true,"href":"https:\/\/ceas.org.pe\/index.php\/wp-json\/wp\/v2\/users\/1"}],"replies":[{"embeddable":true,"href":"https:\/\/ceas.org.pe\/index.php\/wp-json\/wp\/v2\/comments?post=2083"}],"version-history":[{"count":1,"href":"https:\/\/ceas.org.pe\/index.php\/wp-json\/wp\/v2\/posts\/2083\/revisions"}],"predecessor-version":[{"id":7135,"href":"https:\/\/ceas.org.pe\/index.php\/wp-json\/wp\/v2\/posts\/2083\/revisions\/7135"}],"wp:featuredmedia":[{"embeddable":true,"href":"https:\/\/ceas.org.pe\/index.php\/wp-json\/wp\/v2\/media\/7855"}],"wp:attachment":[{"href":"https:\/\/ceas.org.pe\/index.php\/wp-json\/wp\/v2\/media?parent=2083"}],"wp:term":[{"taxonomy":"category","embeddable":true,"href":"https:\/\/ceas.org.pe\/index.php\/wp-json\/wp\/v2\/categories?post=2083"},{"taxonomy":"post_tag","embeddable":true,"href":"https:\/\/ceas.org.pe\/index.php\/wp-json\/wp\/v2\/tags?post=2083"}],"curies":[{"name":"wp","href":"https:\/\/api.w.org\/{rel}","templated":true}]}}