{"id":2080,"date":"2014-11-24T09:58:18","date_gmt":"2014-11-24T09:58:18","guid":{"rendered":""},"modified":"2026-03-11T09:12:18","modified_gmt":"2026-03-11T14:12:18","slug":"piden-replicar-encuentro-continental-riial-2014-celebrado-en-lima","status":"publish","type":"post","link":"https:\/\/ceas.org.pe\/index.php\/2014\/11\/24\/piden-replicar-encuentro-continental-riial-2014-celebrado-en-lima\/","title":{"rendered":"Piden replicar Encuentro Continental RIIAL 2014 celebrado en Lima"},"content":{"rendered":"<p>Con la interrogante, que conlleva en s\u00ed una tarea: \u00bfQu\u00e9 voy a hacer al volver?, Monse\u00f1or Claudio Mar\u00eda Celli, Presidente del Pontificio Consejo para las Comunicaciones Sociales (PCCS), se despidi\u00f3 de los participantes del XIII Encuentro Continental RIIAL 2014 \u201cRedes para una cultura del encuentro\u201d, que se realiza en la Casa de Espiritualidad Santa Rosa.Manifest\u00f3 que esta reuni\u00f3n es la realizaci\u00f3n de un sue\u00f1o. <\/p>\n<p>\u201cEl Se\u00f1or nos sorprende porque sus designios y realidades son m\u00e1s grande que nuestra imaginaciones\u201d. Expres\u00f3 su profunda gratitud a quienes condujeron el encuentro y a la organizaci\u00f3n.<\/p>\n<p>\nEl Presidente del PCCS dijo que las exigencias en el campo de la comunicaci\u00f3n en Am\u00e9rica Latina son grandes, y por ello mismo nos llevan a preguntarnos si no tenemos que hacer algo m\u00e1s. Lo fundamental, explic\u00f3, es que nos preguntemos c\u00f3mo cambian nuestras vidas despu\u00e9s de esta experiencia de encuentro. Este encuentro se enmarca en una experiencia profunda de Dios: \u201cEs que el Se\u00f1or es nuestra red\u201d, manifest\u00f3.<\/p>\n<p>En otro momento exhort\u00f3 a los participantes a organizar encuentros regionales, como corolario de esta reuni\u00f3n que se configura como un camino de formaci\u00f3n y amistad, teniendo como centro siempre a quien da sentido a nuestra vida: Jes\u00fas.<\/p>\n<p>Por otro lado, en el tercer d\u00eda de trabajo, se ofreci\u00f3 una ponencia sobre c\u00f3mo hacer sustentables los proyectos. En la presentaci\u00f3n, se explic\u00f3 los elementos que nunca pueden faltar en un proyecto para que sea viable y sustentable. Detall\u00f3 las claves de su formulaci\u00f3n, en los criterios de evaluaci\u00f3n y en los tipos de sustentabilidad (t\u00e9cnica, social, acciones de incidencia, econ\u00f3mica y pastoral). En otra ponencia, el Padre Cl\u00f3vis Andrade, responsable de la RIIAL Brasil, explic\u00f3 las experiencias de sustentabilidad para instancias formativas y otras iniciativas de evangelizaci\u00f3n desplegadas desde la Conferencia Nacional de Obispos de Brasil (CNBB). Por su parte, Daniel Caba\u00f1a, Director del Centro Nuestra Se\u00f1ora de Guadalupe, comparti\u00f3 las experiencias colaborativas de sustentabilidad que hicieron posible los cursos virtuales impartidos por dicho centro.<\/p>\n<p>Luego, los participantes se dirigieron hacia la bas\u00edlica de santa Rosa para renovar la consagraci\u00f3n de la RIIAL a su patrona, Nuestra Se\u00f1ora de Guadalupe. La ceremonia fue presidida por Monse\u00f1or Claudio Mar\u00eda Celli.<\/p>\n<p><a href=\"http:\/\/web.hilo.org.pe\/wp-content\/uploads\/20141124_encuentrorial.jpg\" target=\"_blank\" rel=\"noopener\">Ver archivo adjunto<\/a><\/p>\n","protected":false},"excerpt":{"rendered":"<p>Con la interrogante, que conlleva en s? una tarea: ?Qu? voy a hacer al volver?, Monse?or Claudio Mar?a Celli, Presidente del Pontificio Consejo para las Comunicaciones Sociales (PCCS), se despidi? de los participantes del XIII Encuentro Continental RIIAL 2014 ?Redes para una cultura del encuentro?, que se realiza en la Casa de Espiritualidad Santa Rosa.Manifest? que esta reuni?n es la realizaci?n de un sue?o.<\/p>\n","protected":false},"author":1,"featured_media":7862,"comment_status":"closed","ping_status":"closed","sticky":false,"template":"","format":"standard","meta":{"footnotes":""},"categories":[9],"tags":[],"class_list":["post-2080","post","type-post","status-publish","format-standard","has-post-thumbnail","hentry","category-noticias"],"_links":{"self":[{"href":"https:\/\/ceas.org.pe\/index.php\/wp-json\/wp\/v2\/posts\/2080","targetHints":{"allow":["GET"]}}],"collection":[{"href":"https:\/\/ceas.org.pe\/index.php\/wp-json\/wp\/v2\/posts"}],"about":[{"href":"https:\/\/ceas.org.pe\/index.php\/wp-json\/wp\/v2\/types\/post"}],"author":[{"embeddable":true,"href":"https:\/\/ceas.org.pe\/index.php\/wp-json\/wp\/v2\/users\/1"}],"replies":[{"embeddable":true,"href":"https:\/\/ceas.org.pe\/index.php\/wp-json\/wp\/v2\/comments?post=2080"}],"version-history":[{"count":1,"href":"https:\/\/ceas.org.pe\/index.php\/wp-json\/wp\/v2\/posts\/2080\/revisions"}],"predecessor-version":[{"id":7138,"href":"https:\/\/ceas.org.pe\/index.php\/wp-json\/wp\/v2\/posts\/2080\/revisions\/7138"}],"wp:featuredmedia":[{"embeddable":true,"href":"https:\/\/ceas.org.pe\/index.php\/wp-json\/wp\/v2\/media\/7862"}],"wp:attachment":[{"href":"https:\/\/ceas.org.pe\/index.php\/wp-json\/wp\/v2\/media?parent=2080"}],"wp:term":[{"taxonomy":"category","embeddable":true,"href":"https:\/\/ceas.org.pe\/index.php\/wp-json\/wp\/v2\/categories?post=2080"},{"taxonomy":"post_tag","embeddable":true,"href":"https:\/\/ceas.org.pe\/index.php\/wp-json\/wp\/v2\/tags?post=2080"}],"curies":[{"name":"wp","href":"https:\/\/api.w.org\/{rel}","templated":true}]}}