{"id":2079,"date":"2014-11-21T09:57:18","date_gmt":"2014-11-21T09:57:18","guid":{"rendered":""},"modified":"2026-03-11T09:12:18","modified_gmt":"2026-03-11T14:12:18","slug":"pero-consejo-interreligioso-haro-ayuno-por-la-justicia-climotica","status":"publish","type":"post","link":"https:\/\/ceas.org.pe\/index.php\/2014\/11\/21\/pero-consejo-interreligioso-haro-ayuno-por-la-justicia-climotica\/","title":{"rendered":"Per\u00f3: Consejo interreligioso har\u00f3 ayuno por la justicia clim\u00f3tica"},"content":{"rendered":"<p>Como preparaci\u00f3n a la COP 20 a realizarse del 1 al 12 de diciembre, diversas organizaciones de la sociedad civil vienen realizando una serie de actividades con el fin de sensibilizar a la poblaci\u00f3n sobre la importancia de este evento para la vida del planeta. Por ello el Consejo Interreligioso del Per\u00fa \u201cReligiones por la Paz\u201d, formado por diversas confesiones religiosas, ha venido promoviendo jornadas de ayuno y oraci\u00f3n por la justicia clim\u00e1tica.<\/p>\n<p>El pasado lunes 17 tuvo lugar el noveno y \u00faltimo ayuno organizado en esta ocasi\u00f3n por la Comunidad Budista Zen Sotoshu en el Auditorio Dai Hall del Centro Cultural Peruano Japon\u00e9s. El evento cont\u00f3 con la participaci\u00f3n de diversas comunidades religiosas con sus l\u00edderes, y p\u00fablico en general.<\/p>\n<p>La oraci\u00f3n como cierre del ayuno estuvo a cargo de la venerable Jisen Oshiro, l\u00edder de la comunidad Budista Zen Sotushu, quien resalt\u00f3 que desde su espiritualidad una ense\u00f1anza b\u00e1sica es que \u201cuno solo no puedo estar bien sino es en relaci\u00f3n con los otros\u201d, por eso que la vida del planeta est\u00e1 en nuestras manos, y todos debemos estar unidos para ello.<\/p>\n<p>Luego se proyect\u00f3 un video elaborado con mensajes de los diversos l\u00edderes sobre el cambio clim\u00e1tico. Y a continuaci\u00f3n, Laura Vargas coordinadora del Consejo Interreligioso del Per\u00fa, se\u00f1al\u00f3 que este camino recorrido en nueve meses \u201cha gestado vida\u201d y ha sido un tiempo para profundizar en todas la implicancias del cambio clim\u00e1tico para los seres humanos y el conjunto de la creaci\u00f3n. \u201cUn momento dif\u00edcil y no podemos ser indiferentes. Hay que comprometernos para trabajar en el nuevo acuerdo clim\u00e1tico, el cual sea amplio y ambicioso\u201d afirm\u00f3.<\/p>\n<p>Al final se presentaron danzas t\u00edpicas a cargo de Per\u00fa Nikkei y se entreg\u00f3 Obento (raci\u00f3n de comida) y t\u00e9 a todos los participantes. Con ello el Consejo Interreligioso ha contribuido desde la espiritualidad por una fraternidad entre todos los pueblos a favor de la justicia clim\u00e1tica en cara a la COP 20.<\/p>\n<p>Fuente: bartoloopina.bcasas.org.pe<\/p>\n<p><a href=\"http:\/\/web.hilo.org.pe\/wp-content\/uploads\/jornadaayuno.jpg\" target=\"_blank\" rel=\"noopener\">Ver archivo adjunto<\/a><\/p>\n","protected":false},"excerpt":{"rendered":"<p>Como preparaci?n a la COP 20 a realizarse del 1 al 12 de diciembre, diversas organizaciones de la sociedad civil vienen realizando una serie de actividades con el fin de sensibilizar a la poblaci?n sobre la importancia de este evento para la vida del planeta. Por ello el Consejo Interreligioso del Per? ?Religiones por la Paz?, formado por diversas confesiones religiosas, ha venido promoviendo jornadas de ayuno y oraci?n por la justicia clim?tica.<\/p>\n","protected":false},"author":1,"featured_media":8020,"comment_status":"closed","ping_status":"closed","sticky":false,"template":"","format":"standard","meta":{"footnotes":""},"categories":[9],"tags":[],"class_list":["post-2079","post","type-post","status-publish","format-standard","has-post-thumbnail","hentry","category-noticias"],"_links":{"self":[{"href":"https:\/\/ceas.org.pe\/index.php\/wp-json\/wp\/v2\/posts\/2079","targetHints":{"allow":["GET"]}}],"collection":[{"href":"https:\/\/ceas.org.pe\/index.php\/wp-json\/wp\/v2\/posts"}],"about":[{"href":"https:\/\/ceas.org.pe\/index.php\/wp-json\/wp\/v2\/types\/post"}],"author":[{"embeddable":true,"href":"https:\/\/ceas.org.pe\/index.php\/wp-json\/wp\/v2\/users\/1"}],"replies":[{"embeddable":true,"href":"https:\/\/ceas.org.pe\/index.php\/wp-json\/wp\/v2\/comments?post=2079"}],"version-history":[{"count":1,"href":"https:\/\/ceas.org.pe\/index.php\/wp-json\/wp\/v2\/posts\/2079\/revisions"}],"predecessor-version":[{"id":7139,"href":"https:\/\/ceas.org.pe\/index.php\/wp-json\/wp\/v2\/posts\/2079\/revisions\/7139"}],"wp:featuredmedia":[{"embeddable":true,"href":"https:\/\/ceas.org.pe\/index.php\/wp-json\/wp\/v2\/media\/8020"}],"wp:attachment":[{"href":"https:\/\/ceas.org.pe\/index.php\/wp-json\/wp\/v2\/media?parent=2079"}],"wp:term":[{"taxonomy":"category","embeddable":true,"href":"https:\/\/ceas.org.pe\/index.php\/wp-json\/wp\/v2\/categories?post=2079"},{"taxonomy":"post_tag","embeddable":true,"href":"https:\/\/ceas.org.pe\/index.php\/wp-json\/wp\/v2\/tags?post=2079"}],"curies":[{"name":"wp","href":"https:\/\/api.w.org\/{rel}","templated":true}]}}