{"id":2078,"date":"2014-11-21T09:54:51","date_gmt":"2014-11-21T09:54:51","guid":{"rendered":""},"modified":"2026-03-11T09:12:18","modified_gmt":"2026-03-11T14:12:18","slug":"presentaron-libro-sobre-devocion-del-seoor-de-los-milagros","status":"publish","type":"post","link":"https:\/\/ceas.org.pe\/index.php\/2014\/11\/21\/presentaron-libro-sobre-devocion-del-seoor-de-los-milagros\/","title":{"rendered":"Presentaron libro sobre devoci\u00f3n del Se\u00f3or de los Milagros"},"content":{"rendered":"<p>La presentaci\u00f3n del libro \u201cLa Devoci\u00f3n al Se\u00f1or de los Milagros. Patrimonio Inmaterial del Per\u00fa\u201d, tuvo lugar en el nuevo Campus Universitario UCSS, llev\u00e1ndose a cabo el primer acto cultural del Centro de Estudios y Patrimonio Cultural &#8211; CEPAC, e inauguraci\u00f3n de las instalaciones de su nueva oficina, mediante una Colecci\u00f3n de Paneles Fotogr\u00e1ficos correspondiente a diversas im\u00e1genes de la reciente publicaci\u00f3n motivo del encuentro.<\/p>\n<p>\nEl Dr. Jos\u00e9 Antonio Benito Rodr\u00edguez , director del CEPAC, agradeci\u00f3 el apoyo recibido a las Autoridades de la UCSS, en la persona de Mons. Lino Panizza, gran canciller de la UCSS, Personal Docente, Estudiantes, Colaboradores y P\u00fablico asistente. <br \/>\nEl constante apoyo y participaci\u00f3n en las propuestas y actividades del CEPAC han trazado un camino de acci\u00f3n, el cual nos cohesiona a favor de la promoci\u00f3n y difusi\u00f3n del Patrimonio Cultural de Lima Norte y del Per\u00fa.<\/p>\n<p>A continuaci\u00f3n les ofrecemos una breve descripci\u00f3n de la publicaci\u00f3n \u201cLa Devoci\u00f3n al Se\u00f1or de los Milagros. Patrimonio Inmaterial del Per\u00fa\u201d:<\/p>\n<p>\u00abC\u00d3MO NO CREER EN DIOS\u00bb titula la colecci\u00f3n de 7000 fotograf\u00edas de Sara Manj\u00f3n, periodista y fot\u00f3grafa espa\u00f1ola, ganadora del concurso nacional de fotograf\u00eda \u201cEl Credo de la Iglesia\u201d, organizado por la Conferencia Episcopal Peruana con ocasi\u00f3n del A\u00f1o de la Fe; su contribuci\u00f3n en la nueva publicaci\u00f3n del Centro de Estudios y Patrimonio Cultural &#8211; CEPAC, titulada \u00abLa Devoci\u00f3n al Se\u00f1or de los Milagros. <\/p>\n<p>Patrimonio inmaterial del Per\u00fa\u00bb, re\u00fane nuevas fotograf\u00edas acerca de la devoci\u00f3n al Se\u00f1or de los Milagros, una selecta colecci\u00f3n de escenas significativas que conforman una delicada obra en el arte, dise\u00f1o e impresi\u00f3n de cada uno de los elementos de la hist\u00f3rica Procesi\u00f3n del Se\u00f1or de los Milagros, destacando las m\u00faltiples realidades culturales, un enfoque hist\u00f3rico-cultural, del historiador Jos\u00e9 Antonio Benito Rodr\u00edguez, co-autor; en sus palabras: \u00abEn un pa\u00eds tan social, cultural, econ\u00f3mica y \u00e9tnicamente diverso, el Se\u00f1or de los Milagros asume un rol integrador que no es ni transitorio ni meramente simb\u00f3lico. <\/p>\n<p>Frente al avance de la tecnolog\u00eda globalizada y de la modernidad en la cultura contempor\u00e1nea, el acontecimiento del Se\u00f1or de los Milagros est\u00e1 logrando humanizar, personalizar, revitalizar aquellos lugares del mundo donde la modernidad tiende a deshumanizar y despersonalizar a la sociedad\u00bb. <\/p>\n<p>LA DEVOCI\u00d3N AL SE\u00d1OR DE LOS MILAGROS. PATRIMONIO INMATERIAL DEL PER\u00da, resulta de dos investigaciones reconocidas por el Simposium de Estudios del Escorial de Espa\u00f1a, como son: \u201cEl Se\u00f1or de los Milagros. Identidad de un pueblo. Historia y esp\u00edritu\u201d (2012) y \u201cLa Virgen de la Nube y el Se\u00f1or de los Milagros\u201d (2013).<\/p>\n<p>Fuente:\u00a0 CEPAC<\/p>\n<p><a href=\"http:\/\/web.hilo.org.pe\/wp-content\/uploads\/librodevocion.jpg\" target=\"_blank\" rel=\"noopener\">Ver archivo adjunto<\/a><\/p>\n","protected":false},"excerpt":{"rendered":"<p>La presentaci?n del libro ?La Devoci?n al Se?or de los Milagros. Patrimonio Inmaterial del Per??, tuvo lugar en el nuevo Campus Universitario UCSS, llev?ndose a cabo el primer acto cultural del Centro de Estudios y Patrimonio Cultural &#8211; CEPAC, e inauguraci?n de las instalaciones de su nueva oficina, mediante una Colecci?n de Paneles Fotogr?ficos correspondiente a diversas im?genes de la reciente publicaci?n motivo del encuentro.<\/p>\n","protected":false},"author":1,"featured_media":7873,"comment_status":"closed","ping_status":"closed","sticky":false,"template":"","format":"standard","meta":{"footnotes":""},"categories":[9],"tags":[],"class_list":["post-2078","post","type-post","status-publish","format-standard","has-post-thumbnail","hentry","category-noticias"],"_links":{"self":[{"href":"https:\/\/ceas.org.pe\/index.php\/wp-json\/wp\/v2\/posts\/2078","targetHints":{"allow":["GET"]}}],"collection":[{"href":"https:\/\/ceas.org.pe\/index.php\/wp-json\/wp\/v2\/posts"}],"about":[{"href":"https:\/\/ceas.org.pe\/index.php\/wp-json\/wp\/v2\/types\/post"}],"author":[{"embeddable":true,"href":"https:\/\/ceas.org.pe\/index.php\/wp-json\/wp\/v2\/users\/1"}],"replies":[{"embeddable":true,"href":"https:\/\/ceas.org.pe\/index.php\/wp-json\/wp\/v2\/comments?post=2078"}],"version-history":[{"count":1,"href":"https:\/\/ceas.org.pe\/index.php\/wp-json\/wp\/v2\/posts\/2078\/revisions"}],"predecessor-version":[{"id":7140,"href":"https:\/\/ceas.org.pe\/index.php\/wp-json\/wp\/v2\/posts\/2078\/revisions\/7140"}],"wp:featuredmedia":[{"embeddable":true,"href":"https:\/\/ceas.org.pe\/index.php\/wp-json\/wp\/v2\/media\/7873"}],"wp:attachment":[{"href":"https:\/\/ceas.org.pe\/index.php\/wp-json\/wp\/v2\/media?parent=2078"}],"wp:term":[{"taxonomy":"category","embeddable":true,"href":"https:\/\/ceas.org.pe\/index.php\/wp-json\/wp\/v2\/categories?post=2078"},{"taxonomy":"post_tag","embeddable":true,"href":"https:\/\/ceas.org.pe\/index.php\/wp-json\/wp\/v2\/tags?post=2078"}],"curies":[{"name":"wp","href":"https:\/\/api.w.org\/{rel}","templated":true}]}}