{"id":2076,"date":"2014-11-20T10:17:47","date_gmt":"2014-11-20T10:17:47","guid":{"rendered":""},"modified":"2026-03-11T09:12:18","modified_gmt":"2026-03-11T14:12:18","slug":"pastoral-social-de-chimbote-realizaro-jornada-sobre-cambio-climotico","status":"publish","type":"post","link":"https:\/\/ceas.org.pe\/index.php\/2014\/11\/20\/pastoral-social-de-chimbote-realizaro-jornada-sobre-cambio-climotico\/","title":{"rendered":"Pastoral social de Chimbote realizar\u00f3 jornada sobre cambio clim\u00f3tico"},"content":{"rendered":"<p>Chimbote en L\u00ednea.- En preparaci\u00f3n a la Conferencia de las Partes de la Convenci\u00f3n Marco de las Naciones Unidas sobre el Cambio Clim\u00e1tico (COP 20), que se realizar\u00e1 en Lima del 1\u00ba al 12 de diciembre, se realizar\u00e1 en Chimbote la Jornada de Formaci\u00f3n sobre la Cumbre por el Cambio Clim\u00e1tico.<\/p>\n<p>La actividad es organizada por la Delegaci\u00f3n de Pastoral Caritativa y Social dela Di\u00f3cesis de Chimbote; organismo que ha invitado a los p\u00e1rrocos, comunidades religiosas y p\u00fablico en general a la jornada de\u00a0 formaci\u00f3n, reflexi\u00f3n y oraci\u00f3n.<\/p>\n<p>Como se conoce, el cambio clim\u00e1tico representa una amenaza inmediata y de largo alcance para personas y comunidades de todo el mundo. El Per\u00fa es el tercer pa\u00eds m\u00e1s afectado, a nivel mundial, con los efectos del cambio clim\u00e1tico y, evidentemente, son los pobres los m\u00e1s expuestos a las nefastas consecuencias.<\/p>\n<p>La jornada \u201cLa Iglesia de Chimbote camino a la Cumbre sobre Cambio Clim\u00e1tico: por Justicia Clim\u00e1tica. La Vida del Planeta est\u00e1 en nuestras manos estar\u00e1 a cargo del equipo de la Comisi\u00f3n Episcopal de Acci\u00f3n Social (CEAS) \u2013 Lima y se realizar\u00e1 el s\u00e1bado 22 de noviembre, de 8.30 a.m. a 3 p.m., en el auditorio de la Comisi\u00f3n de Justicia Social (Av. Meiggs 570).}<\/p>\n<p><a href=\"http:\/\/web.hilo.org.pe\/wp-content\/uploads\/jornadadeformacionclimatica.jpg\" target=\"_blank\" rel=\"noopener\">Ver archivo adjunto<\/a><\/p>\n","protected":false},"excerpt":{"rendered":"<p>Chimbote en L?nea.- En preparaci?n a la Conferencia de las Partes de la Convenci?n Marco de las Naciones Unidas sobre el Cambio Clim?tico (COP 20), que se realizar? en Lima del 1? al 12 de diciembre, se realizar? en Chimbote la Jornada de Formaci?n sobre la Cumbre por el Cambio Clim?tico.<\/p>\n","protected":false},"author":1,"featured_media":1229,"comment_status":"closed","ping_status":"closed","sticky":false,"template":"","format":"standard","meta":{"footnotes":""},"categories":[9],"tags":[],"class_list":["post-2076","post","type-post","status-publish","format-standard","has-post-thumbnail","hentry","category-noticias"],"_links":{"self":[{"href":"https:\/\/ceas.org.pe\/index.php\/wp-json\/wp\/v2\/posts\/2076","targetHints":{"allow":["GET"]}}],"collection":[{"href":"https:\/\/ceas.org.pe\/index.php\/wp-json\/wp\/v2\/posts"}],"about":[{"href":"https:\/\/ceas.org.pe\/index.php\/wp-json\/wp\/v2\/types\/post"}],"author":[{"embeddable":true,"href":"https:\/\/ceas.org.pe\/index.php\/wp-json\/wp\/v2\/users\/1"}],"replies":[{"embeddable":true,"href":"https:\/\/ceas.org.pe\/index.php\/wp-json\/wp\/v2\/comments?post=2076"}],"version-history":[{"count":1,"href":"https:\/\/ceas.org.pe\/index.php\/wp-json\/wp\/v2\/posts\/2076\/revisions"}],"predecessor-version":[{"id":7142,"href":"https:\/\/ceas.org.pe\/index.php\/wp-json\/wp\/v2\/posts\/2076\/revisions\/7142"}],"wp:featuredmedia":[{"embeddable":true,"href":"https:\/\/ceas.org.pe\/index.php\/wp-json\/wp\/v2\/media\/1229"}],"wp:attachment":[{"href":"https:\/\/ceas.org.pe\/index.php\/wp-json\/wp\/v2\/media?parent=2076"}],"wp:term":[{"taxonomy":"category","embeddable":true,"href":"https:\/\/ceas.org.pe\/index.php\/wp-json\/wp\/v2\/categories?post=2076"},{"taxonomy":"post_tag","embeddable":true,"href":"https:\/\/ceas.org.pe\/index.php\/wp-json\/wp\/v2\/tags?post=2076"}],"curies":[{"name":"wp","href":"https:\/\/api.w.org\/{rel}","templated":true}]}}