{"id":2075,"date":"2014-11-20T09:08:49","date_gmt":"2014-11-20T09:08:49","guid":{"rendered":""},"modified":"2026-03-11T09:12:18","modified_gmt":"2026-03-11T14:12:18","slug":"presidente-del-pccs-en-lima-oriial-debe-tener-una-dimension-mos-humana-que-tecnologicao","status":"publish","type":"post","link":"https:\/\/ceas.org.pe\/index.php\/2014\/11\/20\/presidente-del-pccs-en-lima-oriial-debe-tener-una-dimension-mos-humana-que-tecnologicao\/","title":{"rendered":"Presidente del PCCS en Lima: \u00f3RIIAL debe tener una dimensi\u00f3n m\u00f3s humana que tecnol\u00f3gica\u00f3"},"content":{"rendered":"<p>M\u00e1s de 150 personas, en su mayor\u00eda extranjeros se hicieron presentes en el acto inaugural del XIII Encuentro Continental de la RIIAL, que se viene desarrollando en Lima &#8211; Per\u00fa. Este importante encuentro cuenta con la asistencia de obispos, sacerdotes y miembros de las conferencias episcopales e instituciones de Iglesia de diversas partes del mundo.<\/p>\n<p>\u00a0El encuentro comenz\u00f3 con el rezo de los laudes y seguidamente se llev\u00f3 a cabo la sesi\u00f3n de apertura con las palabras de bienvenida de Monse\u00f1or Fortunato Pablo Urcey, Secretario General de la Conferencia Episcopal Peruana; y de Monse\u00f1or Ricardo Garc\u00eda Garc\u00eda, Presidente de la Comisi\u00f3n Episcopal Di\u00e1logo con la Sociedad.<\/p>\n<p>\u00a0La conferencia inicial estuvo a cargo de Monse\u00f1or Claudio Mar\u00eda Celli, Presidente del Consejo Pontificio para las Comunicaciones (PCCS), quien abord\u00f3 de manera profunda la aut\u00e9ntica dimensi\u00f3n de la comunicaci\u00f3n al encuentro del hombre de hoy.<\/p>\n<p>\u00a0Su reflexi\u00f3n comenz\u00f3 con la interrogante \u00bfC\u00f3mo habitar el continente digital? Asimismo, destac\u00f3 c\u00f3mo los Papas, a trav\u00e9s de la historia han visto con preocupaci\u00f3n el tema de la comunicaci\u00f3n, y que a su vez han animado a ver el tema como una importante y oportuna y necesaria opci\u00f3n para la evangelizaci\u00f3n.<\/p>\n<p>\u00a0Asimismo, se\u00f1al\u00f3 que la Red de Inform\u00e1tica de la Iglesia no puede ser solo un encuentro de personas con experiencias tecnol\u00f3gicas, sino que debe aspirar a estar en las calles digitales, no basta con eso\u2026el encuentro con el hombre es prioritario\u2026Existen nuevos desaf\u00edos que nos obliga a llegar con un lenguaje a las necesidades de los hombres de hoy.<\/p>\n<p>\u00a0Monse\u00f1or Celli exhort\u00f3 a que la red debe apuntar a ser una red de comunicaci\u00f3n eclesial, que integre, que de testimonio real del amor de Jesucristo.\u00a0 \u201cNo es un red de cables, es una red de personas que tienen una experiencia de encuentro con Dios y que quieren comunicar a los dem\u00e1s, lo que somos. Debemos preocuparnos, si con nuestra comunicaci\u00f3n no encendemos los corazones de los hombres\u201d.<\/p>\n<p>Fuente: RIIIAL <\/p>\n<p><a href=\"http:\/\/web.hilo.org.pe\/wp-content\/uploads\/presidente pccs.jpg\" target=\"_blank\" rel=\"noopener\">Ver archivo adjunto<\/a><\/p>\n","protected":false},"excerpt":{"rendered":"<p>M?s de 150 personas, en su mayor?a extranjeros se hicieron presentes en el acto inaugural del XIII Encuentro Continental de la RIIAL, que se viene desarrollando en Lima &#8211; Per?. Este importante encuentro cuenta con la asistencia de obispos, sacerdotes y miembros de las conferencias episcopales e instituciones de Iglesia de diversas partes del mundo.<\/p>\n","protected":false},"author":1,"featured_media":7945,"comment_status":"closed","ping_status":"closed","sticky":false,"template":"","format":"standard","meta":{"footnotes":""},"categories":[9],"tags":[],"class_list":["post-2075","post","type-post","status-publish","format-standard","has-post-thumbnail","hentry","category-noticias"],"_links":{"self":[{"href":"https:\/\/ceas.org.pe\/index.php\/wp-json\/wp\/v2\/posts\/2075","targetHints":{"allow":["GET"]}}],"collection":[{"href":"https:\/\/ceas.org.pe\/index.php\/wp-json\/wp\/v2\/posts"}],"about":[{"href":"https:\/\/ceas.org.pe\/index.php\/wp-json\/wp\/v2\/types\/post"}],"author":[{"embeddable":true,"href":"https:\/\/ceas.org.pe\/index.php\/wp-json\/wp\/v2\/users\/1"}],"replies":[{"embeddable":true,"href":"https:\/\/ceas.org.pe\/index.php\/wp-json\/wp\/v2\/comments?post=2075"}],"version-history":[{"count":1,"href":"https:\/\/ceas.org.pe\/index.php\/wp-json\/wp\/v2\/posts\/2075\/revisions"}],"predecessor-version":[{"id":7143,"href":"https:\/\/ceas.org.pe\/index.php\/wp-json\/wp\/v2\/posts\/2075\/revisions\/7143"}],"wp:featuredmedia":[{"embeddable":true,"href":"https:\/\/ceas.org.pe\/index.php\/wp-json\/wp\/v2\/media\/7945"}],"wp:attachment":[{"href":"https:\/\/ceas.org.pe\/index.php\/wp-json\/wp\/v2\/media?parent=2075"}],"wp:term":[{"taxonomy":"category","embeddable":true,"href":"https:\/\/ceas.org.pe\/index.php\/wp-json\/wp\/v2\/categories?post=2075"},{"taxonomy":"post_tag","embeddable":true,"href":"https:\/\/ceas.org.pe\/index.php\/wp-json\/wp\/v2\/tags?post=2075"}],"curies":[{"name":"wp","href":"https:\/\/api.w.org\/{rel}","templated":true}]}}