{"id":2073,"date":"2014-11-19T09:52:40","date_gmt":"2014-11-19T09:52:40","guid":{"rendered":""},"modified":"2026-03-11T09:12:18","modified_gmt":"2026-03-11T14:12:18","slug":"la-corrupcion-es-un-mal-mos-grande-que-el-pecado-papa-francisco","status":"publish","type":"post","link":"https:\/\/ceas.org.pe\/index.php\/2014\/11\/19\/la-corrupcion-es-un-mal-mos-grande-que-el-pecado-papa-francisco\/","title":{"rendered":"La corrupci\u00f3n es un mal m\u00f3s grande que el pecado: Papa Francisco"},"content":{"rendered":"<p>Ciudad del Vaticano (EVARED).- &#8216;La cautela en la aplicaci\u00f3n de la pena debe ser el principio regidor de los sistemas penales\u00bb expres\u00f3 el papa Francisco a una delegaci\u00f3n de la Asociaci\u00f3n Internacional de Derecho Penal, que fue recibida en una audiencia esta ma\u00f1ana.\u00a0 En su mensaje, el papa insisti\u00f3 en que \u00abel respeto de la dignidad humana no s\u00f3lo debe actuar como l\u00edmite de la arbitrariedad y los excesos de los agentes del Estado, sino como criterio de orientaci\u00f3n para perseguir y reprimir las conductas que representan los ataques m\u00e1s graves a la dignidad e integridad de la persona&#8217;.<\/p>\n<p>El Papa comenz\u00f3 recordando a los juristas la necesidad de adoptar instrumentos legales y pol\u00edticos que no caigan en la l\u00f3gica mitol\u00f3gica del &#8216;chivo expiatorio&#8217; es decir del individuo acusado injustamente de las desgracias que afectan a una comunidad y por ellos sacrificado, y de rechazar la creencia seg\u00fan la cual la sanci\u00f3n penal consigue beneficios que requerir\u00edan, en cambio, la implementaci\u00f3n de pol\u00edticas sociales econ\u00f3micas y de inclusi\u00f3n social. Tambi\u00e9n, reiterando el primado de la vida y la dignidad de la persona, reafirm\u00f3 la condena absoluta de la pena de muerte, que para un cristiano es inadmisible y, en este contexto, habl\u00f3 tambi\u00e9n de las llamadas &#8216;ejecuciones extrajudiciales&#8217;, es decir los homicidios deliberados cometidos por algunos estados o sus agentes y presentados como consecuencia indeseada del uso razonable, necesario y proporcional de la fuerza para aplicar la ley. Asimismo destac\u00f3 que la pena de muerte es utilizada en los reg\u00edmenes totalitarios como &#8216;un instrumento de supresi\u00f3n de la disidencia pol\u00edtica o de persecuci\u00f3n de las minor\u00edas religiosas o culturales&#8217;.<\/p>\n<p>Despu\u00e9s habl\u00f3 de las condiciones de los encarcelados, entre ellos los presos sin condena y los condenados sin juicio afirmando que la prisi\u00f3n preventiva, cuando se usa de forma abusiva constituye otra forma contempor\u00e1nea de pena il\u00edcita oculta, m\u00e1s all\u00e1 de la legalidad. Tambi\u00e9n se refiri\u00f3 a las condiciones deplorables de los penitenciarios en buena parte del planeta, que si a veces se deben a la carencia de infraestructuras, otras son el resultado del &#8216;ejercicio arbitrario y despiadado del poder sobre las personas privadas de libertad&#8217;. Francisco habl\u00f3 tambi\u00e9n de la tortura y de otros tratos inhumanos y degradantes, afirmando que en nuestros d\u00edas las torturas se administran no s\u00f3lo como un medio para lograr un fin particular, tales como la confesi\u00f3n o denuncia -practicas caracter\u00edsticas de la doctrina de la seguridad nacional &#8211; sino que constituyen un dolor a\u00f1adido a los males propios de la detenci\u00f3n. La misma doctrina penal- se\u00f1al\u00f3- tiene una importante responsabilidad en esto por haber permitido en ciertos casos, la legitimaci\u00f3n de la tortura en determinadas condiciones, abriendo el camino para abusos posteriores.<\/p>\n<p>No olvid\u00f3 el Papa la aplicaci\u00f3n de sanciones penales a los ni\u00f1os y ancianos condenando su uso en ambos casos, ni tampoco algunas formas de criminalidad que hieren gravemente la dignidad de la persona y el bien com\u00fan, entre ellas la trata de personas y la esclavitud, &#8216;reconocida como crimen contra la humanidad y crimen de guerra tanto por el derecho internacional como en tantas legislaciones nacionales&#8217;. Entre estas formas de criminalidad cit\u00f3 tambi\u00e9n la pobreza absoluta en que viven m\u00e1s de mil millones de personas y la corrupci\u00f3n. &#8216;La escandalosa concentraci\u00f3n de la riqueza global -dijo- es posible a causa de la connivencia de los responsables de la cosa p\u00fablica con los poderes fuertes. La corrupci\u00f3n, es en si misma un proceso de muerte&#8230; y un mal m\u00e1s grande que el pecado. Un mal que m\u00e1s perdonar hay que curar&#8217;.<\/p>\n<p>Fuente: VIS<\/p>\n<p><a href=\"http:\/\/web.hilo.org.pe\/wp-content\/uploads\/corrupcion.jpg\" target=\"_blank\" rel=\"noopener\">Ver archivo adjunto<\/a><\/p>\n","protected":false},"excerpt":{"rendered":"<p>Ciudad del Vaticano (EVARED).- \u00bbLa cautela en la aplicaci?n de la pena debe ser el principio regidor de los sistemas penales\u00bb expres? el papa Francisco a una delegaci?n de la Asociaci?n Internacional de Derecho Penal, que fue recibida en una audiencia esta ma?ana.  En su mensaje, el papa insisti? en que \u00abel respeto de la dignidad humana no s?lo debe actuar como l?mite de la arbitrariedad y los excesos de los agentes del Estado, sino como criterio de orientaci?n para perseguir y reprimir las conductas que representan los ataques m?s graves a la dignidad e integridad de la persona\u00bb.<\/p>\n","protected":false},"author":1,"featured_media":7855,"comment_status":"closed","ping_status":"closed","sticky":false,"template":"","format":"standard","meta":{"footnotes":""},"categories":[9],"tags":[],"class_list":["post-2073","post","type-post","status-publish","format-standard","has-post-thumbnail","hentry","category-noticias"],"_links":{"self":[{"href":"https:\/\/ceas.org.pe\/index.php\/wp-json\/wp\/v2\/posts\/2073","targetHints":{"allow":["GET"]}}],"collection":[{"href":"https:\/\/ceas.org.pe\/index.php\/wp-json\/wp\/v2\/posts"}],"about":[{"href":"https:\/\/ceas.org.pe\/index.php\/wp-json\/wp\/v2\/types\/post"}],"author":[{"embeddable":true,"href":"https:\/\/ceas.org.pe\/index.php\/wp-json\/wp\/v2\/users\/1"}],"replies":[{"embeddable":true,"href":"https:\/\/ceas.org.pe\/index.php\/wp-json\/wp\/v2\/comments?post=2073"}],"version-history":[{"count":1,"href":"https:\/\/ceas.org.pe\/index.php\/wp-json\/wp\/v2\/posts\/2073\/revisions"}],"predecessor-version":[{"id":7145,"href":"https:\/\/ceas.org.pe\/index.php\/wp-json\/wp\/v2\/posts\/2073\/revisions\/7145"}],"wp:featuredmedia":[{"embeddable":true,"href":"https:\/\/ceas.org.pe\/index.php\/wp-json\/wp\/v2\/media\/7855"}],"wp:attachment":[{"href":"https:\/\/ceas.org.pe\/index.php\/wp-json\/wp\/v2\/media?parent=2073"}],"wp:term":[{"taxonomy":"category","embeddable":true,"href":"https:\/\/ceas.org.pe\/index.php\/wp-json\/wp\/v2\/categories?post=2073"},{"taxonomy":"post_tag","embeddable":true,"href":"https:\/\/ceas.org.pe\/index.php\/wp-json\/wp\/v2\/tags?post=2073"}],"curies":[{"name":"wp","href":"https:\/\/api.w.org\/{rel}","templated":true}]}}