{"id":2072,"date":"2014-11-18T09:45:17","date_gmt":"2014-11-18T09:45:17","guid":{"rendered":""},"modified":"2026-03-11T09:12:18","modified_gmt":"2026-03-11T14:12:18","slug":"vii-congreso-mundial-de-pastoral-de-movilidad-humana","status":"publish","type":"post","link":"https:\/\/ceas.org.pe\/index.php\/2014\/11\/18\/vii-congreso-mundial-de-pastoral-de-movilidad-humana\/","title":{"rendered":"VII Congreso Mundial de Pastoral de Movilidad Humana"},"content":{"rendered":"<p>El Pontificio Consejo para la Pastoral de los Migrantes e Itinerantes ha organizado su VII Congreso Mundial, del 17 al 21 de noviembre en la Pontificia Universidad Urbaniana de Roma. Con el tema \u00abCooperaci\u00f3n y desarrollo en la pastoral de las migraciones\u00bb, este relevante encuentro pastoral servir\u00e1 para dar \u00abrespuestas adecuadas al fen\u00f3meno de la migraci\u00f3n econ\u00f3mica y promover el potencial social que los pueblos en movimiento traen a la Iglesia y a la entera comunidad\u00bb. Adem\u00e1s, el Congreso pondr\u00e1 \u00abla atenci\u00f3n sobre los derechos e identidad de los migrantes para garantizar su dignidad, y promover sinergias para construir unas bases s\u00f3lidas para el futuro\u00bb. <\/p>\n<p>Seg\u00fan ha informado este mi\u00e9rcoles Radio Vaticano, los principales temas que se tratar\u00e1n ser\u00e1n tres: la di\u00e1spora y cooperaci\u00f3n al desarrollo del mundo y de la Iglesia; los migrantes como partner en el desarrollo de los pa\u00edses de origen, de tr\u00e1nsito y de destino; y la dignidad del migrante, creado a imagen y semejanza de Dios, hijo de Dios, que lleva impresa la imagen de Cristo migrante.<\/p>\n<p>\nDurante la reuni\u00f3n, se hablar\u00e1 de \u00abla familia migrante como fuente de cultura de la vida, necesitada de un atento acompa\u00f1amiento pastoral para sanar las heridas causadas por el abandono de las propias ra\u00edces y para donar a su vez el valor del amor\u00bb.<\/p>\n<p>\nTambi\u00e9n se afrontar\u00e1 \u00abla realidad de la migraci\u00f3n femenina que representa casi el 50 por ciento de la poblaci\u00f3n migratoria, las mujeres hoy son protagonistas y cada vez m\u00e1s se desplazan en b\u00fasqueda de mejores condiciones de vida\u00bb.<br \/>\nY, por \u00faltimo, se analizar\u00e1n \u00ablos problemas y las potencialidades vinculadas a la migraci\u00f3n juvenil: siempre m\u00e1s j\u00f3venes se alejan de sus hogares para encontrar trabajo y llegan en los pa\u00edses que los reciben con todas sus fragilidades y expectativas\u00bb.<\/p>\n<p>A este encuentro mundial asistir\u00e1n cardenales, obispos, sacerdotes, religiosos y laicos, delegados fraternos del Consejo Ecum\u00e9nico de las Iglesias, del Patriarcado Ecum\u00e9nico, de la Comuni\u00f3n Anglicana y de la Federaci\u00f3n Luterana Mundial, adem\u00e1s de expertos, acad\u00e9micos y enviados de organizaciones internacionales, movimientos eclesiales y asociaciones. La Pastoral de Movilidad Humana del Per\u00fa tambi\u00e9n participara en este importante encuentro en las personas de Monse\u00f1or Daniel Turley, obispo de Chulucanas y Padre Marcos Mario Bubniak, respectivamente monitor y coordinador de la Pastoral a nivel nacional. <\/p>\n<p>El papa Francisco recibir\u00e1 el d\u00eda 21 a los participantes del VII Congreso Mundial de la Pastoral de Migrantes. La audiencia con el Santo Padre tendr\u00e1 lugar a las 12 horas en el Vaticano.<\/p>\n<p>Fuente: Pastoral de la Movilidad Humana-Per\u00fa<\/p>\n<p><a href=\"http:\/\/web.hilo.org.pe\/wp-content\/uploads\/vaticano21.jpg\" target=\"_blank\" rel=\"noopener\">Ver archivo adjunto<\/a><\/p>\n","protected":false},"excerpt":{"rendered":"<p>El Pontificio Consejo para la Pastoral de los Migrantes e Itinerantes ha organizado su VII Congreso Mundial, del 17 al 21 de noviembre en la Pontificia Universidad Urbaniana de Roma. Con el tema \u00abCooperaci?n y desarrollo en la pastoral de las migraciones\u00bb, este relevante encuentro pastoral servir? para dar \u00abrespuestas adecuadas al fen?meno de la migraci?n econ?mica y promover el potencial social que los pueblos en movimiento traen a la Iglesia y a la entera comunidad\u00bb. Adem?s, el Congreso pondr? \u00abla atenci?n sobre los derechos e identidad de los migrantes para garantizar su dignidad, y promover sinergias para construir unas bases s?lidas para el futuro\u00bb.<\/p>\n","protected":false},"author":1,"featured_media":7883,"comment_status":"closed","ping_status":"closed","sticky":false,"template":"","format":"standard","meta":{"footnotes":""},"categories":[9],"tags":[],"class_list":["post-2072","post","type-post","status-publish","format-standard","has-post-thumbnail","hentry","category-noticias"],"_links":{"self":[{"href":"https:\/\/ceas.org.pe\/index.php\/wp-json\/wp\/v2\/posts\/2072","targetHints":{"allow":["GET"]}}],"collection":[{"href":"https:\/\/ceas.org.pe\/index.php\/wp-json\/wp\/v2\/posts"}],"about":[{"href":"https:\/\/ceas.org.pe\/index.php\/wp-json\/wp\/v2\/types\/post"}],"author":[{"embeddable":true,"href":"https:\/\/ceas.org.pe\/index.php\/wp-json\/wp\/v2\/users\/1"}],"replies":[{"embeddable":true,"href":"https:\/\/ceas.org.pe\/index.php\/wp-json\/wp\/v2\/comments?post=2072"}],"version-history":[{"count":1,"href":"https:\/\/ceas.org.pe\/index.php\/wp-json\/wp\/v2\/posts\/2072\/revisions"}],"predecessor-version":[{"id":7146,"href":"https:\/\/ceas.org.pe\/index.php\/wp-json\/wp\/v2\/posts\/2072\/revisions\/7146"}],"wp:featuredmedia":[{"embeddable":true,"href":"https:\/\/ceas.org.pe\/index.php\/wp-json\/wp\/v2\/media\/7883"}],"wp:attachment":[{"href":"https:\/\/ceas.org.pe\/index.php\/wp-json\/wp\/v2\/media?parent=2072"}],"wp:term":[{"taxonomy":"category","embeddable":true,"href":"https:\/\/ceas.org.pe\/index.php\/wp-json\/wp\/v2\/categories?post=2072"},{"taxonomy":"post_tag","embeddable":true,"href":"https:\/\/ceas.org.pe\/index.php\/wp-json\/wp\/v2\/tags?post=2072"}],"curies":[{"name":"wp","href":"https:\/\/api.w.org\/{rel}","templated":true}]}}