{"id":2064,"date":"2014-11-13T10:07:13","date_gmt":"2014-11-13T10:07:13","guid":{"rendered":""},"modified":"2026-03-11T09:12:18","modified_gmt":"2026-03-11T14:12:18","slug":"mesa-de-concertacion-impulsaro-cumplimiento-de-158-acuerdos-de-gobernabilidad","status":"publish","type":"post","link":"https:\/\/ceas.org.pe\/index.php\/2014\/11\/13\/mesa-de-concertacion-impulsaro-cumplimiento-de-158-acuerdos-de-gobernabilidad\/","title":{"rendered":"Mesa de Concertaci\u00f3n impulsar\u00f3 cumplimiento de 158 Acuerdos de Gobernabilidad"},"content":{"rendered":"<p>La Mesa de Concertaci\u00f3n para la Lucha contra la Pobreza (MCLCP), impulsar\u00e1 el cumplimiento de 158 Acuerdos de Gobernabilidad 2015 \u2013 2018, suscritos por los candidatos a los 25 gobiernos regionales, Lima Metropolitana, 58 alcald\u00edas provinciales y 74 alcald\u00edas distritales y promovidos a nivel nacional por las organizaciones de sociedad civil, sector p\u00fablico y cooperaci\u00f3n internacional en el marco de las elecciones regionales y municipales 2014.<\/p>\n<p>Los pasos a seguir para la implementaci\u00f3n de estos compromisos ser\u00e1n acordados por m\u00e1s de 160 delegados de organizaciones y mesas regionales de todo el pa\u00eds, en el Di\u00e1logo por la Concertaci\u00f3n \u201cDel compromiso a la acci\u00f3n, oportunidades y desaf\u00edos para los Acuerdos de Gobernabilidad 2015 \u2013 2018\u201d, este viernes 14 de noviembre, a las 8: 30 A.M. en el Hotel Sol de Oro, (Calle San Mart\u00edn 305 \u2013 Miraflores).<\/p>\n<p>El evento incluye un panel y mesas de trabajo con expertos y autoridades, entre ellos el Secretario Ejecutivo del Acuerdo Nacional, Javier Igu\u00ed\u00f1iz, la Congresista de la Rep\u00fablica, Mar\u00eda Soledad P\u00e9rez Tello y el\u00a0 ex Secretario T\u00e9cnico del Acuerdo Nacional Max Hern\u00e1ndez.As\u00ed mismo participar\u00e1n los viceministros de Pol\u00edticas y Evaluaci\u00f3n Social del MIDIS, Ariela Luna, de Prestaciones y Aseguramiento en Salud del\u00a0 MINSA, Paulina Giusti,\u00a0 de Pol\u00edticas Agrarias del MINAGRI, C\u00e9sar Sotomayor Calder\u00f3n y de Gesti\u00f3n Ambiental del\u00a0 MINAM, Mariano Castro.<\/p>\n<p>Tambi\u00e9n estar\u00e1 presente el Vicepresidente de la Confederaci\u00f3n General de Trabajadores del Per\u00fa Juan Jos\u00e9 Gorritti, el Gerente de Estudios y Proyectos de la Sociedad Nacional de Industrias, Javier D\u00e1vila,\u00a0 la representante del Programa de Ciudades Sostenibles de INDECI Jenny Parra, el Director Ejecutivo de F\u00f3rum Solidaridad Per\u00fa,\u00a0 Giancarlo Castiglione, el Presidente de la Asamblea Nacional de Gobiernos Regionales Alonso Navarro y el Gerente General de Asociaci\u00f3n de Municipalidades del Per\u00fa Eduardo Carhuaricra, entre otros especialistas.<\/p>\n<p>Fuente. mesadeconcertacion.org.pe<\/p>\n<p><a href=\"http:\/\/web.hilo.org.pe\/wp-content\/uploads\/dialogoconcertacion.jpg\" target=\"_blank\" rel=\"noopener\">Ver archivo adjunto<\/a><\/p>\n","protected":false},"excerpt":{"rendered":"<p>La Mesa de Concertaci?n para la Lucha contra la Pobreza (MCLCP), impulsar? el cumplimiento de 158 Acuerdos de Gobernabilidad 2015 ? 2018, suscritos por los candidatos a los 25 gobiernos regionales, Lima Metropolitana, 58 alcald?as provinciales y 74 alcald?as distritales y promovidos a nivel nacional por las organizaciones de sociedad civil, sector p?blico y cooperaci?n internacional en el marco de las elecciones regionales y municipales 2014.<\/p>\n","protected":false},"author":1,"featured_media":8027,"comment_status":"closed","ping_status":"closed","sticky":false,"template":"","format":"standard","meta":{"footnotes":""},"categories":[9],"tags":[],"class_list":["post-2064","post","type-post","status-publish","format-standard","has-post-thumbnail","hentry","category-noticias"],"_links":{"self":[{"href":"https:\/\/ceas.org.pe\/index.php\/wp-json\/wp\/v2\/posts\/2064","targetHints":{"allow":["GET"]}}],"collection":[{"href":"https:\/\/ceas.org.pe\/index.php\/wp-json\/wp\/v2\/posts"}],"about":[{"href":"https:\/\/ceas.org.pe\/index.php\/wp-json\/wp\/v2\/types\/post"}],"author":[{"embeddable":true,"href":"https:\/\/ceas.org.pe\/index.php\/wp-json\/wp\/v2\/users\/1"}],"replies":[{"embeddable":true,"href":"https:\/\/ceas.org.pe\/index.php\/wp-json\/wp\/v2\/comments?post=2064"}],"version-history":[{"count":1,"href":"https:\/\/ceas.org.pe\/index.php\/wp-json\/wp\/v2\/posts\/2064\/revisions"}],"predecessor-version":[{"id":7155,"href":"https:\/\/ceas.org.pe\/index.php\/wp-json\/wp\/v2\/posts\/2064\/revisions\/7155"}],"wp:featuredmedia":[{"embeddable":true,"href":"https:\/\/ceas.org.pe\/index.php\/wp-json\/wp\/v2\/media\/8027"}],"wp:attachment":[{"href":"https:\/\/ceas.org.pe\/index.php\/wp-json\/wp\/v2\/media?parent=2064"}],"wp:term":[{"taxonomy":"category","embeddable":true,"href":"https:\/\/ceas.org.pe\/index.php\/wp-json\/wp\/v2\/categories?post=2064"},{"taxonomy":"post_tag","embeddable":true,"href":"https:\/\/ceas.org.pe\/index.php\/wp-json\/wp\/v2\/tags?post=2064"}],"curies":[{"name":"wp","href":"https:\/\/api.w.org\/{rel}","templated":true}]}}