{"id":2063,"date":"2014-11-13T12:18:09","date_gmt":"2014-11-13T12:18:09","guid":{"rendered":""},"modified":"2026-03-11T09:12:18","modified_gmt":"2026-03-11T14:12:18","slug":"oobasta-ya-mensaje-de-los-obispos-de-moxico","status":"publish","type":"post","link":"https:\/\/ceas.org.pe\/index.php\/2014\/11\/13\/oobasta-ya-mensaje-de-los-obispos-de-moxico\/","title":{"rendered":"\u00f3\u00f3BASTA YA!! Mensaje de los Obispos de M\u00f3xico"},"content":{"rendered":"<p>\u00a0<strong style=\"text-align: justify;\"><span style=\"font-size: 11pt; font-family: Calibri, sans-serif;\">\u00a1\u00a1BASTA YA!!\u00a0<\/span><\/strong><\/p>\n<p style=\"margin: 6.6pt 0cm 9.9pt; background-image: initial; background-attachment: initial; background-size: initial; background-origin: initial; background-clip: initial; background-position: initial; background-repeat: initial;\"><strong><span style=\"font-size: 11pt; font-family: Calibri, sans-serif;\">Mensaje de los Obispos de M\u00e9xico<\/span><\/strong><span style=\"font-size: 11pt; font-family: Calibri, sans-serif;\"><o:p><\/o:p><\/span><\/p>\n<p style=\"margin: 6.6pt 0cm 9.9pt; background-image: initial; background-attachment: initial; background-size: initial; background-origin: initial; background-clip: initial; background-position: initial; background-repeat: initial;\"><span style=\"font-size: 11pt; font-family: Calibri, sans-serif;\">Los Obispos de M\u00e9xico decimos: \u00a1Basta ya! No queremos m\u00e1s sangre. No queremos m\u00e1s muertes. No queremos m\u00e1s desparecidos. No queremos m\u00e1s dolor ni m\u00e1s verg\u00fcenza. Compartimos como mexicanos la pena y el sufrimiento de las familias cuyos hijos est\u00e1n muertos o est\u00e1n desaparecidos en Iguala, en Tlatlaya y que se suman a los miles de v\u00edctimas an\u00f3nimas en diversas regiones de nuestro pa\u00eds. Nos unimos al clamor generalizado por un M\u00e9xico en el que la verdad y la justicia provoquen una profunda transformaci\u00f3n del orden institucional, judicial y pol\u00edtico, que asegure que jam\u00e1s hechos como estos vuelvan a repetirse.\u00a0<o:p><\/o:p><\/span><\/p>\n<p style=\"margin: 6.6pt 0cm 9.9pt; background-image: initial; background-attachment: initial; background-size: initial; background-origin: initial; background-clip: initial; background-position: initial; background-repeat: initial;\"><span style=\"font-size: 11pt; font-family: Calibri, sans-serif;\">Reunidos para reflexionar sobre los desaf\u00edos actuales, vemos en esta crisis un llamado para construir un pa\u00eds que valore la vida, dignidad y derechos de cada persona, haci\u00e9ndonos capaces de encontrarnos como hermanos.<o:p><\/o:p><\/span><\/p>\n<p style=\"margin: 6.6pt 0cm 9.9pt; background-image: initial; background-attachment: initial; background-size: initial; background-origin: initial; background-clip: initial; background-position: initial; background-repeat: initial;\"><span style=\"font-size: 11pt; font-family: Calibri, sans-serif;\">En el a\u00f1o 2010, en la exhortaci\u00f3n pastoral \u201cQue en Cristo nuestra paz, M\u00e9xico tenga vida digna\u201d advert\u00edamos sobre el efecto destructor de la violencia, que da\u00f1a las relaciones humanas, genera desconfianza, lastima a las personas, las envenena con el resentimiento, el miedo, la angustia y el deseo de venganza; afecta la econom\u00eda, la calidad de nuestra democracia y altera la paz.<o:p><\/o:p><\/span><\/p>\n<p style=\"margin: 6.6pt 0cm 9.9pt; background-image: initial; background-attachment: initial; background-size: initial; background-origin: initial; background-clip: initial; background-position: initial; background-repeat: initial;\"><span style=\"font-size: 11pt; font-family: Calibri, sans-serif;\">Con tristeza reconocemos que la situaci\u00f3n del pa\u00eds ha empeorado, desatando una verdadera crisis nacional. Muchas personas viven sometidas por el miedo, la desconfianza al encontrarse indefensas ante la amenaza de grupos criminales y, en algunos casos, la lamentable corrupci\u00f3n de las autoridades. Queda al descubierto una situaci\u00f3n dolorosa que nos preocupa y que tiene que ser atendida por todos los mexicanos, cada uno desde su propio lugar y en su propia comunidad.<o:p><\/o:p><\/span><\/p>\n<p style=\"margin: 6.6pt 0cm 9.9pt; background-image: initial; background-attachment: initial; background-size: initial; background-origin: initial; background-clip: initial; background-position: initial; background-repeat: initial;\"><span style=\"font-size: 11pt; font-family: Calibri, sans-serif;\">En nuestra visi\u00f3n de fe, estos hechos hacen evidente que nos hemos alejado de Dios; lo vemos en el olvido de la verdad, el desprecio de la dignidad humana, la miseria y la inequidad crecientes, la p\u00e9rdida del sentido de la vida, de la credibilidad y confianza necesarias para establecer relaciones sociales estables y duraderas.<o:p><\/o:p><\/span><\/p>\n<p style=\"margin: 6.6pt 0cm 9.9pt; background-image: initial; background-attachment: initial; background-size: initial; background-origin: initial; background-clip: initial; background-position: initial; background-repeat: initial;\"><span style=\"font-size: 11pt; font-family: Calibri, sans-serif;\">En medio de esta crisis vemos con esperanza el despertar de la sociedad civil que, como nunca antes en los \u00faltimos a\u00f1os, se ha manifestado contra la corrupci\u00f3n, la impunidad y la complicidad de algunas autoridades. Creemos que es necesario pasar de las protestas a las propuestas. Que nadie est\u00e9 como buitre esperando los despojos del pa\u00eds para quedar satisfecho. La v\u00eda pac\u00edfica, que privilegia el di\u00e1logo y los acuerdos transparentes, sin intereses ocultos, es la que asegura la participaci\u00f3n de todos para edificar un pa\u00eds para todos.<o:p><\/o:p><\/span><\/p>\n<p style=\"margin: 6.6pt 0cm 9.9pt; background-image: initial; background-attachment: initial; background-size: initial; background-origin: initial; background-clip: initial; background-position: initial; background-repeat: initial;\"><span style=\"font-size: 11pt; font-family: Calibri, sans-serif;\">Estamos en un momento cr\u00edtico. Nos jugamos una autentica democracia que garantice el fortalecimiento de las instituciones, el respeto de las leyes, y la educaci\u00f3n, el trabajo y la seguridad de las nuevas generaciones, a las que no debemos negarles un futuro digno. Todos somos parte de la soluci\u00f3n que reclama en nosotros mentalidad y coraz\u00f3n nuevos, para ser capaces de aut\u00e9nticas relaciones fraternas, de amistad sincera, de convivencia arm\u00f3nica, de participaci\u00f3n solidaria.\u00a0<o:p><\/o:p><\/span><\/p>\n<p style=\"margin: 6.6pt 0cm 9.9pt; background-image: initial; background-attachment: initial; background-size: initial; background-origin: initial; background-clip: initial; background-position: initial; background-repeat: initial;\"><span style=\"font-size: 11pt; font-family: Calibri, sans-serif;\">Nos vemos urgidos junto con los actores y responsables de la vida nacional a colaborar para superar las causas de esta crisis. Se necesita un orden institucional, leyes y administraci\u00f3n de justicia que generen confianza. Es indispensable la participaci\u00f3n de la ciudadan\u00eda para el bien com\u00fan. Sin el \u00a0acompa\u00f1amiento y la vigilancia por parte de la sociedad civil, el poder se queda en manos de pocos.\u00a0<o:p><\/o:p><\/span><\/p>\n<p style=\"margin: 6.6pt 0cm 9.9pt; background-image: initial; background-attachment: initial; background-size: initial; background-origin: initial; background-clip: initial; background-position: initial; background-repeat: initial;\"><span style=\"font-size: 11pt; font-family: Calibri, sans-serif;\">Ante la situaci\u00f3n que enfrentamos, los Obispos de M\u00e9xico queremos unirnos a todos los habitantes de nuestra naci\u00f3n, en particular a aquellos que m\u00e1s sufren las consecuencias de la violencia, acompa\u00f1\u00e1ndoles, en su dolor, a encontrar consuelo y a recuperar la esperanza.\u00a0<o:p><\/o:p><\/span><\/p>\n<p style=\"margin: 6.6pt 0cm 9.9pt; background-image: initial; background-attachment: initial; background-size: initial; background-origin: initial; background-clip: initial; background-position: initial; background-repeat: initial;\"><span style=\"font-size: 11pt; font-family: Calibri, sans-serif;\">Jesucristo es nuestra paz. \u00c9l est\u00e1 presente en su Palabra, en la Eucarist\u00eda, en donde dos o m\u00e1s se re\u00fanen en su nombre, en todo gesto de amor misericordioso y en el compromiso por construir la paz en la verdad y la justicia.<o:p><\/o:p><\/span><\/p>\n<p style=\"margin: 6.6pt 0cm 9.9pt; background-image: initial; background-attachment: initial; background-size: initial; background-origin: initial; background-clip: initial; background-position: initial; background-repeat: initial;\"><span style=\"font-size: 11pt; font-family: Calibri, sans-serif;\">Con esta certeza, redoblaremos nuestro compromiso de formar, animar y motivar a nuestras comunidades diocesanas para acompa\u00f1ar espiritual y solidariamente a las v\u00edctimas de la violencia en todo el pa\u00eds. A colaborar con los procesos de reconciliaci\u00f3n y b\u00fasqueda de paz. A respaldar los esfuerzos de la sociedad y sus instituciones a favor de un aut\u00e9ntico Estado de Derecho en M\u00e9xico. A seguir comunicando el Evangelio a las familias y acompa\u00f1ar a sus miembros para que se alejen de la violencia y sean escuelas de reconciliaci\u00f3n y justicia.<o:p><\/o:p><\/span><\/p>\n<p style=\"margin: 6.6pt 0cm 9.9pt; background-image: initial; background-attachment: initial; background-size: initial; background-origin: initial; background-clip: initial; background-position: initial; background-repeat: initial;\"><span style=\"font-size: 11pt; font-family: Calibri, sans-serif;\">Agradecemos al Papa Francisco su cercan\u00eda y preocupaci\u00f3n en estas circunstancias. Unidos a \u00e9l, celebraremos el pr\u00f3ximo 12 de diciembre la fiesta de Nuestra Se\u00f1ora de Guadalupe, haciendo una jornada de oraci\u00f3n por la paz. Le pediremos su intercesi\u00f3n por la conversi\u00f3n de todos los mexicanos, particularmente la de quienes provocan sufrimiento y muerte.\u00a0<o:p><\/o:p><\/span><\/p>\n<p style=\"margin: 6.6pt 0cm 9.9pt; background-image: initial; background-attachment: initial; background-size: initial; background-origin: initial; background-clip: initial; background-position: initial; background-repeat: initial;\"><span style=\"font-size: 11pt; font-family: Calibri, sans-serif;\">Que Santa Mar\u00eda de Guadalupe, Madre del verdadero Dios por quien se vive, que reclama a sus hijos desaparecidos y ruega por la paz en M\u00e9xico, interceda por nosotros para que una oleada de amor nos haga capaces reconstruir la sociedad da\u00f1ada.<o:p><\/o:p><\/span><\/p>\n<p style=\"margin: 6.6pt 0cm 9.9pt; background-image: initial; background-attachment: initial; background-size: initial; background-origin: initial; background-clip: initial; background-position: initial; background-repeat: initial;\"><span style=\"font-size: 11pt; font-family: Calibri, sans-serif;\">Por los obispos de M\u00e9xico<o:p><\/o:p><\/span><\/p>\n<p style=\"margin: 6.6pt 0cm 9.9pt; text-align: justify; background-image: initial; background-attachment: initial; background-size: initial; background-origin: initial; background-clip: initial; background-position: initial; background-repeat: initial;\"><span style=\"font-size: 11pt; font-family: Calibri, sans-serif;\">\u00a0<\/span><\/p>\n<p><i><span style=\"font-size: 11pt; line-height: 115%; font-family: Calibri, sans-serif;\">M\u00e9xico, D.F. a 12 de noviembre de 2014<br \/>\nCEM B. 160 \/ 2014<\/span><\/i><\/p>\n<p><a href=\"http:\/\/web.hilo.org.pe\/wp-content\/uploads\/bastaya.jpg\" target=\"_blank\" rel=\"noopener\">Ver archivo adjunto<\/a><\/p>\n","protected":false},"excerpt":{"rendered":"<p>Los Obispos de M?xico decimos: ?Basta ya! No queremos m?s sangre. No queremos m?s muertes. No queremos m?s desparecidos. No queremos m?s dolor ni m?s verg?enza. Compartimos como mexicanos la pena y el sufrimiento de las familias cuyos hijos est?n muertos o est?n desaparecidos en Iguala, en Tlatlaya y que se suman a los miles de v?ctimas an?nimas en diversas regiones de nuestro pa?s. Nos unimos al clamor generalizado por un M?xico en el que la verdad y la justicia provoquen una profunda transformaci?n del orden institucional, judicial y pol?tico, que asegure que jam?s hechos como estos vuelvan a repetirse.<\/p>\n","protected":false},"author":1,"featured_media":7973,"comment_status":"closed","ping_status":"closed","sticky":false,"template":"","format":"standard","meta":{"footnotes":""},"categories":[9],"tags":[],"class_list":["post-2063","post","type-post","status-publish","format-standard","has-post-thumbnail","hentry","category-noticias"],"_links":{"self":[{"href":"https:\/\/ceas.org.pe\/index.php\/wp-json\/wp\/v2\/posts\/2063","targetHints":{"allow":["GET"]}}],"collection":[{"href":"https:\/\/ceas.org.pe\/index.php\/wp-json\/wp\/v2\/posts"}],"about":[{"href":"https:\/\/ceas.org.pe\/index.php\/wp-json\/wp\/v2\/types\/post"}],"author":[{"embeddable":true,"href":"https:\/\/ceas.org.pe\/index.php\/wp-json\/wp\/v2\/users\/1"}],"replies":[{"embeddable":true,"href":"https:\/\/ceas.org.pe\/index.php\/wp-json\/wp\/v2\/comments?post=2063"}],"version-history":[{"count":1,"href":"https:\/\/ceas.org.pe\/index.php\/wp-json\/wp\/v2\/posts\/2063\/revisions"}],"predecessor-version":[{"id":7154,"href":"https:\/\/ceas.org.pe\/index.php\/wp-json\/wp\/v2\/posts\/2063\/revisions\/7154"}],"wp:featuredmedia":[{"embeddable":true,"href":"https:\/\/ceas.org.pe\/index.php\/wp-json\/wp\/v2\/media\/7973"}],"wp:attachment":[{"href":"https:\/\/ceas.org.pe\/index.php\/wp-json\/wp\/v2\/media?parent=2063"}],"wp:term":[{"taxonomy":"category","embeddable":true,"href":"https:\/\/ceas.org.pe\/index.php\/wp-json\/wp\/v2\/categories?post=2063"},{"taxonomy":"post_tag","embeddable":true,"href":"https:\/\/ceas.org.pe\/index.php\/wp-json\/wp\/v2\/tags?post=2063"}],"curies":[{"name":"wp","href":"https:\/\/api.w.org\/{rel}","templated":true}]}}