{"id":2062,"date":"2014-11-12T09:50:52","date_gmt":"2014-11-12T09:50:52","guid":{"rendered":""},"modified":"2026-03-11T09:12:18","modified_gmt":"2026-03-11T14:12:18","slug":"la-exclusion-provoca-violencia-recuerda-el-papa-a-la-cumbre-del-g-20","status":"publish","type":"post","link":"https:\/\/ceas.org.pe\/index.php\/2014\/11\/12\/la-exclusion-provoca-violencia-recuerda-el-papa-a-la-cumbre-del-g-20\/","title":{"rendered":"La exclusi\u00f3n provoca violencia recuerda el Papa a la cumbre del G-20"},"content":{"rendered":"<p>El santo padre Francisco ha escrito una carta pontificia a Tony Abbott, primer ministro de Australia, que presidir\u00e1 la Cumbre de los Jefes de Estado y Gobierno de 20 pa\u00edses (G-20) que tendr\u00e1 lugar el 15 y 16 de noviembre en Brisbane, la tercera ciudad australiana m\u00e1s grande. Lo indic\u00f3 hoy el Vatican Information Service, precisando que la agenda de la reuni\u00f3n se concentrar\u00e1 en los esfuerzos necesarios para relanzar un crecimiento sostenible de la econom\u00eda y en el imperativo &#8211;surgido durante la preparaci\u00f3n de la Cumbre&#8211; de crear oportunidades de trabajo dignas y estables para todos.<\/p>\n<p>&#8216;Quisiera pedir a los Jefes de Estado y de Gobierno del G-20 que no olviden que detr\u00e1s de estas discusiones pol\u00edticas y t\u00e9cnicas est\u00e1n en juego muchas vidas y que ser\u00eda lamentable que tales discusiones se quedasen s\u00f3lo en declaraciones de principio\u00bb, escribe el Papa y recuerda que \u00aben el mundo, incluso dentro de los pa\u00edses pertenecientes al G-20, hay demasiadas mujeres y hombres que sufren a causa de la desnutrici\u00f3n severa, del crecimiento en el n\u00famero de desocupados, por el alt\u00edsimo porcentaje de j\u00f3venes sin trabajo y por el aumento la exclusi\u00f3n social que puede desembocar en la actividad criminal e incluso, en el reclutamiento de terroristas\u00bb.<\/p>\n<p>El Santo Padre, les recuerda que adem\u00e1s de los problemas sociales existentes tambi\u00e9n \u00abhay una agresi\u00f3n constante al ambiente natural, resultado de un consumismo desenfrenado y todo ello producir\u00e1 graves consecuencias en la econom\u00eda mundial\u00bb.<\/p>\n<p>\u00abTengo la esperanza &#8211;expres\u00f3 el Santo Padre&#8211; de que se logre un consenso sustancial y real sobre los temas del programa. Del mismo modo, espero que la evaluaci\u00f3n de los resultados de este consenso no se limite a los \u00edndices mundiales, sino que tenga tambi\u00e9n en cuenta la mejora real en las condiciones de vida de las familias m\u00e1s pobres y la reducci\u00f3n de todas las formas de desigualdad inaceptable\u00bb.<\/p>\n<p>Sobre el cambio clim\u00e1tico indica suesperanza \u00abde cara a la Agenda post-2015, que ser\u00e1 aprobada durante la actual Asamblea de las Naciones Unidas y que deber\u00eda incluir los temas vitales del trabajo decente para todos y del cambio clim\u00e1tico&#8217;.<\/p>\n<p>Sobre Medio Oriente, el Pontifice le recuerda a los participantes de la cumbre: \u00abEl mundo entero espera del G-20 un acuerdo cada vez m\u00e1s amplio que pueda llevar, en el marco de la ordenaci\u00f3n de las Naciones Unidas, al fin definitivo en Oriente Medio de la injusta agresi\u00f3n contra diferentes grupos, religiosos y \u00e9tnicos, incluidas las minor\u00edas. Tambi\u00e9n tendr\u00eda que llevar a la eliminaci\u00f3n de las causas profundas del terrorismo que ha alcanzado proporciones hasta ahora inimaginables; entre esas causas est\u00e1n la pobreza, el subdesarrollo y la exclusi\u00f3n\u00bb.<\/p>\n<p>\u00abCada vez es m\u00e1s evidente &#8211;prosigue el Papa&#8211; que la soluci\u00f3n a este grave problema no puede ser exclusivamente de tipo militar, sino que tambi\u00e9n debe centrarse en aquellos que de una u otra manera alientan a los grupos terroristas con el apoyo pol\u00edtico, el comercio ilegal de petr\u00f3leo o el suministro de armas y tecnolog\u00eda\u00bb.<\/p>\n<p>\u00abTambi\u00e9n es necesario un esfuerzo educativo y una conciencia m\u00e1s clara de que la religi\u00f3n no puede utilizarse como forma de justificar la violencia\u00bb indic\u00f3. Y record\u00f3 que \u00abestos conflictos dejan cicatrices profundas y producen en varias partes del mundo situaciones humanitarias insoportables\u00bb. Adem\u00e1s ha solicitado a los Estados Miembros del G20 \u00abque sean ejemplo de generosidad y solidaridad a la hora de hacer frente a las necesidades de las v\u00edctimas de estos conflictos, especialmente de los refugiados\u00bb.<\/p>\n<p>El papa Francisco en su carta a\u00f1adi\u00f3 que \u00abla situaci\u00f3n en Oriente Medio ha replanteado el debate sobre la responsabilidad de la Comunidad internacional de proteger a los individuos y los pueblos de los ataques extremos a los derechos humanos y del total desprecio del derecho humanitario\u00bb.<\/p>\n<p>Pidi\u00f3 tambi\u00e9n preocuparse \u00abde la necesidad de proteger a los ciudadanos de cada pa\u00eds de formas de agresi\u00f3n, que son menos evidentes, pero igualmente reales y graves. Me refiero espec\u00edficamente a los abusos en el sistema financiero, tales como las transacciones que condujeron a la crisis de 2008, y en particular a la especulaci\u00f3n desligada de v\u00ednculos pol\u00edticos o jur\u00eddicos, y a la mentalidad que ve en el m\u00e1ximo beneficio el objetivo final de toda actividad econ\u00f3mica\u00bb.<\/p>\n<p>Porque concluye el Santo Padre, se trata de \u00abuna mentalidad que, en \u00faltimo t\u00e9rmino descarta a las personas nunca se lograr\u00e1 la paz y la justicia. Tanto a nivel nacional como a nivel internacional, la responsabilidad con los pobres y marginados debe ser, por lo tanto, un elemento esencial de toda decisi\u00f3n pol\u00edtica\u00bb.<\/p>\n<p>Fuente: zenit.org<\/p>\n<p><a href=\"http:\/\/web.hilo.org.pe\/wp-content\/uploads\/francisco.jpg\" target=\"_blank\" rel=\"noopener\">Ver archivo adjunto<\/a><\/p>\n","protected":false},"excerpt":{"rendered":"<p>El santo padre Francisco ha escrito una carta pontificia a Tony Abbott, primer ministro de Australia, que presidir? la Cumbre de los Jefes de Estado y Gobierno de 20 pa?ses (G-20) que tendr? lugar el 15 y 16 de noviembre en Brisbane, la tercera ciudad australiana m?s grande. Lo indic? hoy el Vatican Information Service, precisando que la agenda de la reuni?n se concentrar? en los esfuerzos necesarios para relanzar un crecimiento sostenible de la econom?a y en el imperativo &#8211;surgido durante la preparaci?n de la Cumbre&#8211; de crear oportunidades de trabajo dignas y estables para todos.<\/p>\n","protected":false},"author":1,"featured_media":7874,"comment_status":"closed","ping_status":"closed","sticky":false,"template":"","format":"standard","meta":{"footnotes":""},"categories":[9],"tags":[],"class_list":["post-2062","post","type-post","status-publish","format-standard","has-post-thumbnail","hentry","category-noticias"],"_links":{"self":[{"href":"https:\/\/ceas.org.pe\/index.php\/wp-json\/wp\/v2\/posts\/2062","targetHints":{"allow":["GET"]}}],"collection":[{"href":"https:\/\/ceas.org.pe\/index.php\/wp-json\/wp\/v2\/posts"}],"about":[{"href":"https:\/\/ceas.org.pe\/index.php\/wp-json\/wp\/v2\/types\/post"}],"author":[{"embeddable":true,"href":"https:\/\/ceas.org.pe\/index.php\/wp-json\/wp\/v2\/users\/1"}],"replies":[{"embeddable":true,"href":"https:\/\/ceas.org.pe\/index.php\/wp-json\/wp\/v2\/comments?post=2062"}],"version-history":[{"count":1,"href":"https:\/\/ceas.org.pe\/index.php\/wp-json\/wp\/v2\/posts\/2062\/revisions"}],"predecessor-version":[{"id":7156,"href":"https:\/\/ceas.org.pe\/index.php\/wp-json\/wp\/v2\/posts\/2062\/revisions\/7156"}],"wp:featuredmedia":[{"embeddable":true,"href":"https:\/\/ceas.org.pe\/index.php\/wp-json\/wp\/v2\/media\/7874"}],"wp:attachment":[{"href":"https:\/\/ceas.org.pe\/index.php\/wp-json\/wp\/v2\/media?parent=2062"}],"wp:term":[{"taxonomy":"category","embeddable":true,"href":"https:\/\/ceas.org.pe\/index.php\/wp-json\/wp\/v2\/categories?post=2062"},{"taxonomy":"post_tag","embeddable":true,"href":"https:\/\/ceas.org.pe\/index.php\/wp-json\/wp\/v2\/tags?post=2062"}],"curies":[{"name":"wp","href":"https:\/\/api.w.org\/{rel}","templated":true}]}}