{"id":2055,"date":"2014-11-07T09:57:06","date_gmt":"2014-11-07T09:57:06","guid":{"rendered":""},"modified":"2026-03-11T09:12:18","modified_gmt":"2026-03-11T14:12:18","slug":"apus-se-reunieron-con-congresistas-de-la-repoblica","status":"publish","type":"post","link":"https:\/\/ceas.org.pe\/index.php\/2014\/11\/07\/apus-se-reunieron-con-congresistas-de-la-repoblica\/","title":{"rendered":"Apus se reunieron con Congresistas de la Rep\u00f3blica"},"content":{"rendered":"<p>El martes 05 de noviembre de 2014 se llev\u00f3 acabo la SEGUNDA AUDIENCIA DECENTRALIZADA DE LA COMISI\u00d3N DE PUEBLOS ANDINOS, AMAZONICOS, AFROPERUANOS AMBIENTE Y ECOLOG\u00cdA del Congreso de la Rep\u00fablica, en la comunidad Dos de Mayo San Pablo de Tipishca, sede de la organizaci\u00f3n ACODECOSPAT KUKAMAs. Los congresistas que asistieron fueron:<\/p>\n<p>1. Federico Pariona Galindo,<br \/>\n2. Maria Soledad Perez Tello<br \/>\n3. Eduardo Nayap Kinin.<br \/>\n4. Javier Bedoya de Vivanco<\/p>\n<p><strong>As\u00ed como los APUS de las cuatro cuencas:<\/strong><\/p>\n<p>1. APU Alfonso Lopez Tejada de la Organizaci\u00f3n ACODECOSPAT<br \/>\n2. APU Aurelio Chino Dahua, de la Organizaci\u00f3n FEDIQUEP<br \/>\n3. APU Gonzalo Paima Carijano de la Organizaci\u00f3n FECONACO<br \/>\n4. APU Emerson Sandi Tapuy, por la organizaci\u00f3n Feconat<br \/>\n<strong><br \/>\nEl APU Alfonso Tejada<\/strong> dio a conocer con mucha claridad las consecuencias que est\u00e1n sufriendo sus hermanos, tras la contaminaci\u00f3n de m\u00e1s de 40 a\u00f1os de la explotaci\u00f3n petrolera en nuestra Amazon\u00eda, a lo que se suma el abandono y la exclusi\u00f3n por parte del Gobierno y las pol\u00edtica de eliminaci\u00f3n en temas de protecci\u00f3n a los recursos naturales, cosmovisi\u00f3n y cultura. Asimismo, solicit\u00f3 que se realicen ex\u00e1menes de salud, porque est\u00e1n naciendo ni\u00f1os con enfermedades muy graves que pueden ser generadas por el consumo del pescado, ya que este es una de las fuentes m\u00e1s importante que tienen las comunidades.<\/p>\n<p>Se\u00f1al\u00f3 adem\u00e1s, que los Gobiernos Locales y Regionales no se preocupan por atender en los principales servicios como la Salud y educaci\u00f3n pues los Centros de Salud no cuentan con medicina y profesionales competentes (por cualquier problema de salud que acuden las mujeres, ni\u00f1os, ni\u00f1as y adultos solo se les da Paracetamol), indico muy mortificado \u201cNosotros tambi\u00e9n somos gente\u201d.<br \/>\nSobre educaci\u00f3n, manifest\u00f3 que solo hay \u201cmaestros de mi\u00e9rcoles\u201d y \u201cuna escuela que ustedes pueden mirar y observar, porque lo tienen aqu\u00ed al frente que lleva m\u00e1s de dos a\u00f1os y no ha podido ser arreglada. Recuerdo que una de la Asambleas donde ha participado el Actual presidente de la Regi\u00f3n Loreto orden\u00f3 al Gerente de la Sub Gerencia de Loreto \u2013 Nauta que en forma inmediata se iniciar\u00e1 la refacci\u00f3n de la instituci\u00f3n educativa y hasta el d\u00eda de hoy no hay nada\u201d.<\/p>\n<p>En su Intervenci\u00f3n, el APU Aurelio Chino Dahua ratifico la intervenci\u00f3n del APU Alfonso L\u00f3pez y se identifique y cuantifique el monto necesario para remediar sus tierras contaminadas, as\u00ed como sincerar los datos para el pago por derecho de servidumbre para implementar los acuerdos de la Mesa de Desarrollo, \u201cya estamos cansados que nos est\u00e9n meciendo\u201d.<br \/>\nFinalmente se concluy\u00f3 en que las Cuatro cuencas tienen los mismos problemas, felicitaron a la comisi\u00f3n por llegar a sus comunidades y manifestaron su indignaci\u00f3n que congresistas elegidos por Loreto, poco o nada les interesa los de los pueblos ind\u00edgenas.<\/p>\n<p>Fuente: bartoloopina.bcasas.org.pe<\/p>\n<p><a href=\"http:\/\/web.hilo.org.pe\/wp-content\/uploads\/apus.jpg\" target=\"_blank\" rel=\"noopener\">Ver archivo adjunto<\/a><\/p>\n","protected":false},"excerpt":{"rendered":"<p>El martes 05 de noviembre de 2014 se llev? acabo la SEGUNDA AUDIENCIA DECENTRALIZADA DE LA COMISI?N DE PUEBLOS ANDINOS, AMAZONICOS, AFROPERUANOS AMBIENTE Y ECOLOG?A del Congreso de la Rep?blica, en la comunidad Dos de Mayo San Pablo de Tipishca, sede de la organizaci?n ACODECOSPAT KUKAMAs. Los congresistas que asistieron fueron:<\/p>\n","protected":false},"author":1,"featured_media":8025,"comment_status":"closed","ping_status":"closed","sticky":false,"template":"","format":"standard","meta":{"footnotes":""},"categories":[9],"tags":[],"class_list":["post-2055","post","type-post","status-publish","format-standard","has-post-thumbnail","hentry","category-noticias"],"_links":{"self":[{"href":"https:\/\/ceas.org.pe\/index.php\/wp-json\/wp\/v2\/posts\/2055","targetHints":{"allow":["GET"]}}],"collection":[{"href":"https:\/\/ceas.org.pe\/index.php\/wp-json\/wp\/v2\/posts"}],"about":[{"href":"https:\/\/ceas.org.pe\/index.php\/wp-json\/wp\/v2\/types\/post"}],"author":[{"embeddable":true,"href":"https:\/\/ceas.org.pe\/index.php\/wp-json\/wp\/v2\/users\/1"}],"replies":[{"embeddable":true,"href":"https:\/\/ceas.org.pe\/index.php\/wp-json\/wp\/v2\/comments?post=2055"}],"version-history":[{"count":1,"href":"https:\/\/ceas.org.pe\/index.php\/wp-json\/wp\/v2\/posts\/2055\/revisions"}],"predecessor-version":[{"id":7163,"href":"https:\/\/ceas.org.pe\/index.php\/wp-json\/wp\/v2\/posts\/2055\/revisions\/7163"}],"wp:featuredmedia":[{"embeddable":true,"href":"https:\/\/ceas.org.pe\/index.php\/wp-json\/wp\/v2\/media\/8025"}],"wp:attachment":[{"href":"https:\/\/ceas.org.pe\/index.php\/wp-json\/wp\/v2\/media?parent=2055"}],"wp:term":[{"taxonomy":"category","embeddable":true,"href":"https:\/\/ceas.org.pe\/index.php\/wp-json\/wp\/v2\/categories?post=2055"},{"taxonomy":"post_tag","embeddable":true,"href":"https:\/\/ceas.org.pe\/index.php\/wp-json\/wp\/v2\/tags?post=2055"}],"curies":[{"name":"wp","href":"https:\/\/api.w.org\/{rel}","templated":true}]}}