{"id":2050,"date":"2014-11-05T08:53:55","date_gmt":"2014-11-05T08:53:55","guid":{"rendered":""},"modified":"2026-03-11T09:12:18","modified_gmt":"2026-03-11T14:12:18","slug":"monseoor-joso-azuaje-fue-reelegido-como-presidente-regional-de-caritas-amorica-latina","status":"publish","type":"post","link":"https:\/\/ceas.org.pe\/index.php\/2014\/11\/05\/monseoor-joso-azuaje-fue-reelegido-como-presidente-regional-de-caritas-amorica-latina\/","title":{"rendered":"Monse\u00f3or Jos\u00f3 Azuaje fue reelegido como Presidente Regional de Caritas Am\u00f3rica Latina"},"content":{"rendered":"<p>Monse\u00f1or Jos\u00e9 Luis Azuaje Ayala, obispo de Barinas, Venezuela, fue reelegido como Obispo Presidente Regional de Caritas Am\u00e9rica Latina y el Caribe.<\/p>\n<p>En mayo del pr\u00f3ximo a\u00f1o, tras Asamblea Mundial de C\u00e1ritas, en Roma, iniciar\u00e1 el nuevo periodo de cuatro a\u00f1os (2015-2019) al frente de la mayor instituci\u00f3n de caridad de la Iglesia Cat\u00f3lica.<\/p>\n<p>La elecci\u00f3n se realiz\u00f3 el 25 de octubre, en el municipio de Guarne Antioqu\u00eda, Colombia \u2013a 51 kil\u00f3metros de Medell\u00edn\u2013, tras el XVIII Congreso Latinoamericano y del Caribe de C\u00e1ritas que se realiz\u00f3 del 20 al 24 de octubre del presente a\u00f1o.<\/p>\n<p>Asimismo, reunidos en Conferencia Regional de C\u00e1ritas Am\u00e9rica Latina y el Caribe, los 22 obispos presidentes y los respectivos directores nacionales de C\u00e1ritas de toda la Regi\u00f3n eligieron nuevos responsables en distintos cargos, que precisamos a continuaci\u00f3n.<\/p>\n<p>Obispo Presidente Regional de C\u00e1ritas America Latina y el Caribe<\/p>\n<p>S.E. Mons. Jos\u00e9 Luis Azuaje Ayala<\/p>\n<p>Obispo de Barinas, Venezuela<\/p>\n<p>Coordinador Regional de C\u00e1ritas Am\u00e9rica Latina y el Caribe, Pbro. Francisco Gerardo Hern\u00e1ndez Rojas, de la Arquidi\u00f3cesis de San Jos\u00e9, Costa Rica.<\/p>\n<p><strong>Obispos responsables de las zonas:<\/strong><\/p>\n<p>Camex: S.E. Mons. Angel Sancasimiro Fernandez, OSA, Obispo de Alajuela, Costa Rica.<\/p>\n<p>Bolivariana: S.E. Richard Daniel Alarc\u00f3n Urrutia, Obispo de Tarma, Per\u00fa.<\/p>\n<p>Caribe: S.E. Mons. Robert Rivas, OP, Arzobispo de Castries, Santa Luc\u00eda.<\/p>\n<p>Cono Sur: S.E. Mons. Pedro Ossand\u00f3n Buljevic, Obispo Auxiliar de Santiago de Chile<br \/>\n<strong><br \/>\nCoordinadores zonales:<\/strong><\/p>\n<p>Camex: Pbro. Patricio Enrique Sarlat Flores, director de C\u00e1ritas Mexicana.<\/p>\n<p>Bolivariana: Lic. Juan Carlos Vel\u00e1squez Silvestre, director de C\u00e1ritas Bolivia.<\/p>\n<p>Caribe: Ing. Jean Lucien, director administrativo de C\u00e1ritas Hait\u00ed<\/p>\n<p>Cono Sur: Mar\u00eda Cristina dos Anjos, directora de C\u00e1ritas Brasile\u00f1a.<\/p>\n<p><strong>Representantes de la Regi\u00f3n C\u00e1ritas Am\u00e9rica Latina y el Caribe, ante el Consejo de Representaci\u00f3n de C\u00e1ritas Internationalis:<br \/>\n<\/strong><br \/>\nCono Sur: Mar\u00eda Cristina dos Anjos, directora de C\u00e1ritas Brasile\u00f1a.<\/p>\n<p>Camex: Pbro. Patricio Enrique Sarlat Flores, director de C\u00e1ritas Mexicana.<\/p>\n<p>Todos los nombramientos tendr\u00e1n efecto tras la Asamblea Mundial de C\u00e1ritas, en Roma, que se realizar\u00e1 del 12 al 17 de mayo de 2015.<br \/>\n\u00a0<\/p>\n<p>Fuente: caritaslatinoamerica.org<\/p>\n<p><a href=\"http:\/\/web.hilo.org.pe\/wp-content\/uploads\/azuaje.jpg\" target=\"_blank\" rel=\"noopener\">Ver archivo adjunto<\/a><\/p>\n","protected":false},"excerpt":{"rendered":"<p>Monse?or Jos? Luis Azuaje Ayala, obispo de Barinas, Venezuela, fue reelegido como Obispo Presidente Regional de Caritas Am?rica Latina y el Caribe.<\/p>\n","protected":false},"author":1,"featured_media":7878,"comment_status":"closed","ping_status":"closed","sticky":false,"template":"","format":"standard","meta":{"footnotes":""},"categories":[9],"tags":[],"class_list":["post-2050","post","type-post","status-publish","format-standard","has-post-thumbnail","hentry","category-noticias"],"_links":{"self":[{"href":"https:\/\/ceas.org.pe\/index.php\/wp-json\/wp\/v2\/posts\/2050","targetHints":{"allow":["GET"]}}],"collection":[{"href":"https:\/\/ceas.org.pe\/index.php\/wp-json\/wp\/v2\/posts"}],"about":[{"href":"https:\/\/ceas.org.pe\/index.php\/wp-json\/wp\/v2\/types\/post"}],"author":[{"embeddable":true,"href":"https:\/\/ceas.org.pe\/index.php\/wp-json\/wp\/v2\/users\/1"}],"replies":[{"embeddable":true,"href":"https:\/\/ceas.org.pe\/index.php\/wp-json\/wp\/v2\/comments?post=2050"}],"version-history":[{"count":1,"href":"https:\/\/ceas.org.pe\/index.php\/wp-json\/wp\/v2\/posts\/2050\/revisions"}],"predecessor-version":[{"id":7168,"href":"https:\/\/ceas.org.pe\/index.php\/wp-json\/wp\/v2\/posts\/2050\/revisions\/7168"}],"wp:featuredmedia":[{"embeddable":true,"href":"https:\/\/ceas.org.pe\/index.php\/wp-json\/wp\/v2\/media\/7878"}],"wp:attachment":[{"href":"https:\/\/ceas.org.pe\/index.php\/wp-json\/wp\/v2\/media?parent=2050"}],"wp:term":[{"taxonomy":"category","embeddable":true,"href":"https:\/\/ceas.org.pe\/index.php\/wp-json\/wp\/v2\/categories?post=2050"},{"taxonomy":"post_tag","embeddable":true,"href":"https:\/\/ceas.org.pe\/index.php\/wp-json\/wp\/v2\/tags?post=2050"}],"curies":[{"name":"wp","href":"https:\/\/api.w.org\/{rel}","templated":true}]}}