{"id":2049,"date":"2014-11-04T09:32:03","date_gmt":"2014-11-04T09:32:03","guid":{"rendered":""},"modified":"2026-03-11T09:12:18","modified_gmt":"2026-03-11T14:12:18","slug":"intenciones-del-papa-para-el-mes-de-noviembre","status":"publish","type":"post","link":"https:\/\/ceas.org.pe\/index.php\/2014\/11\/04\/intenciones-del-papa-para-el-mes-de-noviembre\/","title":{"rendered":"Intenciones del Papa para el mes de noviembre"},"content":{"rendered":"<p><strong>\u00abPara que las personas que sufren la soledad sientan la cercan\u00eda de Dios y el apoyo de los hermanos\u00bb<\/strong><\/p>\n<p>\u00a0Una de las pobrezas m\u00e1s hondas que el\u00a0 hombre puede experimentar es la soledad. Ciertamente, tambi\u00e9n las otras pobrezas, incluidas las materiales, nacen del aislamiento, del no ser amados o de la dificultad de amar. Con frecuencia, son provocadas por el rechazo del amor de Dios, por una tragedia original de cerraz\u00f3n del hombre en s\u00ed mismo, pensando ser autosuficiente, o bien un mero hecho insignificante y pasajero, un \u00abextranjero\u00bb en un universo que se ha formado por casualidad. El hombre est\u00e1 alienado cuando vive solo o se aleja de la realidad, cuando renuncia a pensar y creer en un Fundamento [125].<\/p>\n<p>Toda la humanidad est\u00e1 alienada cuando se entrega a proyectos exclusivamente humanos, a ideolog\u00edas y utop\u00edas falsas [126]. Hoy la humanidad aparece mucho m\u00e1s interactiva que antes: esa mayor vecindad debe transformarse en verdadera comuni\u00f3n. El desarrollo de los pueblos depende sobre todo de que se reconozcan como parte de una sola familia, que colabora con verdadera comuni\u00f3n y est\u00e1 integrada por seres que no viven simplemente uno junto al otro [127]. (BENEDICTO XVI, \u201cCaritatis in veritate\u201d, 2009)<\/p>\n<p>La soledad se ha convertido en una enfermedad importante de nuestra sociedad actual. Quiz\u00e1 sean la competitividad y la rivalidad que han invadido nuestras vidas en los tiempos modernos, las que han creado en nosotros una conciencia de nuestra soledad o aislamiento.<\/p>\n<p>El estilo cristiano de vida no siempre rechaza la soledad; al contrario, muchas veces la abraza como un don precioso porque, como lo indica el Papa en su intenci\u00f3n universal, esa soledad puede llegar a convertirse en una forma de acercarse a Dios.<\/p>\n<p>Es verdad que toda separaci\u00f3n de la compa\u00f1\u00eda humana puede resultar muy penosa. Solamente Jesucristo puede contrarrestar los poderes del mal que nos atacan tan convincentemente. Si guardamos los ojos de nuestra mente y coraz\u00f3n centrados en Jes\u00fas, sentiremos gradualmente su presencia desde lo m\u00e1s profundo de nuestro ser. Y ser\u00e1 entonces cuando podremos enfrentarnos a nuestra naturaleza vulnerable y salir victoriosos de cualquier temor o soledad.<\/p>\n<p>Cuando una persona se siente totalmente reconocida y bienvenida, y libre para acercarse o alejarse, solo entonces sabr\u00e1 que no tiene que huir o deshacerse de sus temores de soledad; le bastar\u00e1 con movilizar esas ansiedades para buscar otras formas creativas de nueva vida. Y as\u00ed, con la ayuda de la oraci\u00f3n y otras personas, los temores de la soledad no ser\u00e1n rechazados sino reconocidos y aceptados, abri\u00e9ndose a nuevas formas de sabidur\u00eda y esperanza (Resumen del texto elaborado por P. Raymond Pace, SJ)<\/p>\n<p><a href=\"http:\/\/web.hilo.org.pe\/wp-content\/uploads\/papa intenciones.jpg\" target=\"_blank\" rel=\"noopener\">Ver archivo adjunto<\/a><\/p>\n","protected":false},"excerpt":{"rendered":"<p>VATICANO, (ACI\/EWTN Noticias).- La Santa Sede dio a conocer este viernes las intenciones del Papa Francisco para noviembre, dedicadas a las personas que sufren la soledad y los formadores de seminaristas y religiosos.<\/p>\n<p>La intenci?n universal del apostolado de la oraci?n del Santo Padre para el mes de noviembre de 2014 es: \u00bbPara que las personas que sufren la soledad sientan la cercan?a de Dios y el apoyo de los hermanos\u00bb.<\/p>\n<p>Su intenci?n evangelizadora es: &#8216;Para que los seminaristas, religiosos y religiosas j?venes tengan formadores sabios y bien preparados\u00bb.<\/p>\n","protected":false},"author":1,"featured_media":7874,"comment_status":"closed","ping_status":"closed","sticky":false,"template":"","format":"standard","meta":{"footnotes":""},"categories":[9],"tags":[],"class_list":["post-2049","post","type-post","status-publish","format-standard","has-post-thumbnail","hentry","category-noticias"],"_links":{"self":[{"href":"https:\/\/ceas.org.pe\/index.php\/wp-json\/wp\/v2\/posts\/2049","targetHints":{"allow":["GET"]}}],"collection":[{"href":"https:\/\/ceas.org.pe\/index.php\/wp-json\/wp\/v2\/posts"}],"about":[{"href":"https:\/\/ceas.org.pe\/index.php\/wp-json\/wp\/v2\/types\/post"}],"author":[{"embeddable":true,"href":"https:\/\/ceas.org.pe\/index.php\/wp-json\/wp\/v2\/users\/1"}],"replies":[{"embeddable":true,"href":"https:\/\/ceas.org.pe\/index.php\/wp-json\/wp\/v2\/comments?post=2049"}],"version-history":[{"count":1,"href":"https:\/\/ceas.org.pe\/index.php\/wp-json\/wp\/v2\/posts\/2049\/revisions"}],"predecessor-version":[{"id":7169,"href":"https:\/\/ceas.org.pe\/index.php\/wp-json\/wp\/v2\/posts\/2049\/revisions\/7169"}],"wp:featuredmedia":[{"embeddable":true,"href":"https:\/\/ceas.org.pe\/index.php\/wp-json\/wp\/v2\/media\/7874"}],"wp:attachment":[{"href":"https:\/\/ceas.org.pe\/index.php\/wp-json\/wp\/v2\/media?parent=2049"}],"wp:term":[{"taxonomy":"category","embeddable":true,"href":"https:\/\/ceas.org.pe\/index.php\/wp-json\/wp\/v2\/categories?post=2049"},{"taxonomy":"post_tag","embeddable":true,"href":"https:\/\/ceas.org.pe\/index.php\/wp-json\/wp\/v2\/tags?post=2049"}],"curies":[{"name":"wp","href":"https:\/\/api.w.org\/{rel}","templated":true}]}}