{"id":2048,"date":"2014-11-04T09:28:48","date_gmt":"2014-11-04T09:28:48","guid":{"rendered":""},"modified":"2026-03-11T09:12:18","modified_gmt":"2026-03-11T14:12:18","slug":"mons-javier-travieso-fue-nombrado-vicario-apostolico-en-amazonas","status":"publish","type":"post","link":"https:\/\/ceas.org.pe\/index.php\/2014\/11\/04\/mons-javier-travieso-fue-nombrado-vicario-apostolico-en-amazonas\/","title":{"rendered":"Mons. Javier Travieso fue nombrado vicario apost\u00f3lico en Amazonas"},"content":{"rendered":"<p>Este fin de semana, el Papa Francisco ha nombrado nuevo Vicario Apost\u00f3lico de San Jos\u00e9 del Amazonas a Mons. Jos\u00e9 Javier Mart\u00edn Travieso, actual presidente de la Comisi\u00f3n Episcopal de Cultura y Educaci\u00f3n, y obispo auxiliar de la Arquidi\u00f3cesis de Trujillo.<\/p>\n<p>El Vicariato comprende la Provincia peruana de Mariscal Ram\u00f3n Castilla y parte de la Provincia de Maynas en la regi\u00f3n de Loreto. La sede del vicariato es la ciudad de Indiana. El territorio del vicariato tiene 135.000 km\u00b2, una quinta parte de Espa\u00f1a, y est\u00e1 subdividido en 11 parroquias. En el a\u00f1o 2010 este territorio contaba con 180.000 habitantes, de los cuales 132.000 son cat\u00f3licos.<\/p>\n<p>Mons. Jos\u00e9 Javier Mart\u00edn Travieso naci\u00f3 en Don Benito, Badajoz, el 5 de febrero de 1952. Sigui\u00f3 sus estudios en la escuela secundaria Claretiana de la provincia de Badajoz. El 15 de agosto de 1968 hizo su profesi\u00f3n de votos religiosos en la Congregaci\u00f3n de los Padres Claretianos y fue ordenado sacerdote el 26 de junio de 1976.<\/p>\n<p>Como sacerdote fue asistente en la parroquia Nuestra Se\u00f1ora del Pilar, en Santa Cruz de Tenerife; colabor\u00f3 como capell\u00e1n en varias escuelas; fue responsable pastoral de Colegio de Don Benito y profesor de religi\u00f3n (1977-1983) y promotor vocacional. Estudi\u00f3 filosof\u00eda en el seminario de Loja y teolog\u00eda en la facultad de la Cartuja de la Compa\u00f1\u00eda de Jes\u00fas en Granada. En 1987 obtuvo la graduaci\u00f3n en Pastoral Juvenil por la Universidad Pontificia Salesiana de Roma.<\/p>\n<p>De Roma fue enviado a Lima, Per\u00fa, donde ejerci\u00f3 de profesor y fue director de estudios en el Instituto de Estudios Teol\u00f3gicos Juan XXIII. En 2008 fue destinado a la Comunidad Claretiana de Trujillo; fue asesor espiritual del Colegio Claretiano e imparti\u00f3 cursos de teolog\u00eda en el Seminario Mayor \u201cSan Carlos y San Marcelo\u201d y en la Universidad Cat\u00f3lica de Trujillo.<\/p>\n<p>En el a\u00f1o 2009 fue nombrado por el Papa Benedicto XVI Obispo Auxiliar de la Archidi\u00f3cesis de Trujillo. Actualmente es presidente de la Comisi\u00f3n Episcopal de Cultura y Educaci\u00f3n de la Conferencia Episcopal Peruana.<\/p>\n<p>(Tomado de la Comisi\u00f3n Episcopal de Cultura y Educaci\u00f3n)<\/p>\n<p>\u00a0<\/p>\n<p><a href=\"http:\/\/web.hilo.org.pe\/wp-content\/uploads\/monsenor travieso.jpg\" target=\"_blank\" rel=\"noopener\">Ver archivo adjunto<\/a><\/p>\n","protected":false},"excerpt":{"rendered":"<p>Este fin de semana, el Papa Francisco ha nombrado nuevo Vicario Apost?lico de San Jos? del Amazonas a Mons. Jos? Javier Mart?n Travieso, actual presidente de la Comisi?n Episcopal de Cultura y Educaci?n, y obispo auxiliar de la Arquidi?cesis de Trujillo.<\/p>\n","protected":false},"author":1,"featured_media":8024,"comment_status":"closed","ping_status":"closed","sticky":false,"template":"","format":"standard","meta":{"footnotes":""},"categories":[9],"tags":[],"class_list":["post-2048","post","type-post","status-publish","format-standard","has-post-thumbnail","hentry","category-noticias"],"_links":{"self":[{"href":"https:\/\/ceas.org.pe\/index.php\/wp-json\/wp\/v2\/posts\/2048","targetHints":{"allow":["GET"]}}],"collection":[{"href":"https:\/\/ceas.org.pe\/index.php\/wp-json\/wp\/v2\/posts"}],"about":[{"href":"https:\/\/ceas.org.pe\/index.php\/wp-json\/wp\/v2\/types\/post"}],"author":[{"embeddable":true,"href":"https:\/\/ceas.org.pe\/index.php\/wp-json\/wp\/v2\/users\/1"}],"replies":[{"embeddable":true,"href":"https:\/\/ceas.org.pe\/index.php\/wp-json\/wp\/v2\/comments?post=2048"}],"version-history":[{"count":1,"href":"https:\/\/ceas.org.pe\/index.php\/wp-json\/wp\/v2\/posts\/2048\/revisions"}],"predecessor-version":[{"id":7170,"href":"https:\/\/ceas.org.pe\/index.php\/wp-json\/wp\/v2\/posts\/2048\/revisions\/7170"}],"wp:featuredmedia":[{"embeddable":true,"href":"https:\/\/ceas.org.pe\/index.php\/wp-json\/wp\/v2\/media\/8024"}],"wp:attachment":[{"href":"https:\/\/ceas.org.pe\/index.php\/wp-json\/wp\/v2\/media?parent=2048"}],"wp:term":[{"taxonomy":"category","embeddable":true,"href":"https:\/\/ceas.org.pe\/index.php\/wp-json\/wp\/v2\/categories?post=2048"},{"taxonomy":"post_tag","embeddable":true,"href":"https:\/\/ceas.org.pe\/index.php\/wp-json\/wp\/v2\/tags?post=2048"}],"curies":[{"name":"wp","href":"https:\/\/api.w.org\/{rel}","templated":true}]}}