{"id":2043,"date":"2014-10-30T12:54:34","date_gmt":"2014-10-30T12:54:34","guid":{"rendered":""},"modified":"2026-03-11T09:12:18","modified_gmt":"2026-03-11T14:12:18","slug":"vi-encuentro-regional-de-las-coritas-de-la-selva","status":"publish","type":"post","link":"https:\/\/ceas.org.pe\/index.php\/2014\/10\/30\/vi-encuentro-regional-de-las-coritas-de-la-selva\/","title":{"rendered":"VI Encuentro Regional de las C\u00f3ritas de la Selva"},"content":{"rendered":"<p>Del 21 al 24 de octubre, se llev\u00f3 acabo el VI Encuentro Regional de las C\u00e1ritas de la Selva en la ciudad de Requena, Loreto.<\/p>\n<p>\u00a0Participaron representantes de C\u00e1ritas del Per\u00fa y de las C\u00e1ritas Diocesanas de Moyobamba, Yurimaguas, San Jos\u00e9 del Amazonas, Iquitos, Selva Central, Requena y Atalaya, as\u00ed como el Obispo Vicario Apost\u00f3lico de Requena, Juan Oliver Climent y el misionero\u00a0 Francisco G\u00e1lvez P\u00e9rez.<\/p>\n<p>Durante el Encuentro se resalt\u00f3 el\u00a0 fortalecimiento de capacidades de los participantes en temas como: Medio Ambiente, Cambio Clim\u00e1tico,\u00a0 COP 20, Est\u00e1ndares M\u00ednimos y An\u00e1lisis de los Estados Financieros, Ejecuci\u00f3n de Metas 2011- 2013 del Plan Estrat\u00e9gico de la Selva, uso adecuado de las redes sociales,\u00a0 Taller de fotograf\u00eda, entre otros.<\/p>\n<p>Mons.\u00a0 Juan Oliver, Obispo Vicario Apost\u00f3lico de Requena inaugur\u00f3 el evento y expuso el tema \u201cReflexi\u00f3n de la Exhortaci\u00f3n Apost\u00f3lica: Anunciando con Gozo el Evangelio\u201d, enmarcando de esta manera, nuestro trabajo al servicio de las poblaciones m\u00e1s necesitadas del Per\u00fa.<\/p>\n<p><a href=\"http:\/\/web.hilo.org.pe\/wp-content\/uploads\/caritasselva.jpg\" target=\"_blank\" rel=\"noopener\">Ver archivo adjunto<\/a><\/p>\n","protected":false},"excerpt":{"rendered":"<p>Del 21 al 24 de octubre, se llev? acabo el VI Encuentro Regional de las C?ritas de la Selva en la ciudad de Requena, Loreto.<\/p>\n","protected":false},"author":1,"featured_media":7862,"comment_status":"closed","ping_status":"closed","sticky":false,"template":"","format":"standard","meta":{"footnotes":""},"categories":[9],"tags":[],"class_list":["post-2043","post","type-post","status-publish","format-standard","has-post-thumbnail","hentry","category-noticias"],"_links":{"self":[{"href":"https:\/\/ceas.org.pe\/index.php\/wp-json\/wp\/v2\/posts\/2043","targetHints":{"allow":["GET"]}}],"collection":[{"href":"https:\/\/ceas.org.pe\/index.php\/wp-json\/wp\/v2\/posts"}],"about":[{"href":"https:\/\/ceas.org.pe\/index.php\/wp-json\/wp\/v2\/types\/post"}],"author":[{"embeddable":true,"href":"https:\/\/ceas.org.pe\/index.php\/wp-json\/wp\/v2\/users\/1"}],"replies":[{"embeddable":true,"href":"https:\/\/ceas.org.pe\/index.php\/wp-json\/wp\/v2\/comments?post=2043"}],"version-history":[{"count":1,"href":"https:\/\/ceas.org.pe\/index.php\/wp-json\/wp\/v2\/posts\/2043\/revisions"}],"predecessor-version":[{"id":7175,"href":"https:\/\/ceas.org.pe\/index.php\/wp-json\/wp\/v2\/posts\/2043\/revisions\/7175"}],"wp:featuredmedia":[{"embeddable":true,"href":"https:\/\/ceas.org.pe\/index.php\/wp-json\/wp\/v2\/media\/7862"}],"wp:attachment":[{"href":"https:\/\/ceas.org.pe\/index.php\/wp-json\/wp\/v2\/media?parent=2043"}],"wp:term":[{"taxonomy":"category","embeddable":true,"href":"https:\/\/ceas.org.pe\/index.php\/wp-json\/wp\/v2\/categories?post=2043"},{"taxonomy":"post_tag","embeddable":true,"href":"https:\/\/ceas.org.pe\/index.php\/wp-json\/wp\/v2\/tags?post=2043"}],"curies":[{"name":"wp","href":"https:\/\/api.w.org\/{rel}","templated":true}]}}