{"id":2041,"date":"2014-10-29T17:21:23","date_gmt":"2014-10-29T17:21:23","guid":{"rendered":""},"modified":"2026-03-11T09:12:18","modified_gmt":"2026-03-11T14:12:18","slug":"iglesia-peruana-y-cop-20-por-justicia-climotica","status":"publish","type":"post","link":"https:\/\/ceas.org.pe\/index.php\/2014\/10\/29\/iglesia-peruana-y-cop-20-por-justicia-climotica\/","title":{"rendered":"IGLESIA PERUANA Y COP 20: Por justicia clim\u00f3tica"},"content":{"rendered":"<p>\u00a0<b style=\"text-align: center;\"><span lang=\"ES-TRAD\" style=\"font-size:11.0pt;font-family:\"Calibri\",\"sans-serif\";\nmso-ascii-theme-font:minor-latin;mso-hansi-theme-font:minor-latin\">IGLESIA PERUANA Y COP 20:\u00a0<\/span><span lang=\"ES-TRAD\" style=\"font-size:\n11.0pt;font-family:\"Calibri\",\"sans-serif\";mso-ascii-theme-font:minor-latin;\nmso-hansi-theme-font:minor-latin\">Por justicia clim\u00e1tica<o:p><\/o:p><\/span><\/b><\/p>\n<p class=\"MsoNormal\"><span lang=\"ES-TRAD\" style=\"font-size:11.0pt;font-family:\"Calibri\",\"sans-serif\";\nmso-ascii-theme-font:minor-latin;mso-hansi-theme-font:minor-latin\">\u00a0<\/span><span lang=\"ES-TRAD\" style=\"font-size:\n11.0pt;font-family:\"Calibri\",\"sans-serif\";mso-ascii-theme-font:minor-latin;\nmso-hansi-theme-font:minor-latin;font-weight:normal\">Nota de Prensa<o:p><\/o:p><\/span><\/p>\n<p class=\"MsoNormal\" align=\"center\" style=\"text-align:center\">\u00a0<\/p>\n<p style=\"margin:0cm;margin-bottom:.0001pt;text-align:justify\"><span style=\"font-size:11.0pt;font-family:\"Calibri\",\"sans-serif\";mso-ascii-theme-font:\nminor-latin;mso-hansi-theme-font:minor-latin\">Del 1\u00ba al 12 de diciembre se realizar\u00e1 en Lima la COP 20, es decir la Conferencia de las Partes de la\u00a0<a href=\"http:\/\/unfccc.int\/resource\/docs\/convkp\/convsp.pdf\"><span style=\"color:windowtext;text-decoration:none;text-underline:none\">Convenci\u00f3n Marco de las Naciones Unidas sobre el Cambio Clim\u00e1tico<\/span><\/a> (CMNUCC). Tendremos durante estos d\u00edas y tambi\u00e9n en los d\u00edas previos, la presencia de delegaciones de 195 pa\u00edses, todos ellos firmantes\u00a0 de la Convenci\u00f3n. <o:p><\/o:p><\/span><\/p>\n<p style=\"margin:0cm;margin-bottom:.0001pt;text-align:justify\"><span style=\"font-size:11.0pt;font-family:\"Calibri\",\"sans-serif\";mso-ascii-theme-font:\nminor-latin;mso-hansi-theme-font:minor-latin\">\u00a0<\/span><\/p>\n<p style=\"margin:0cm;margin-bottom:.0001pt;text-align:justify\"><span style=\"font-size:11.0pt;font-family:\"Calibri\",\"sans-serif\";mso-ascii-theme-font:\nminor-latin;mso-hansi-theme-font:minor-latin\">La Iglesia peruana no est\u00e1 ajena a este acontecimiento planetario, tiene iniciativas y propuestas que las dar\u00e1 a conocer el mi\u00e9rcoles 5 de noviembre a las 11 de la ma\u00f1ana en el auditorio de la Conferencia Episcopal Peruana (Jr. Estados Unidos 838, Jes\u00fas Mar\u00eda) a trav\u00e9s de una conferencia de prensa, donde estar\u00e1n presentes Monse\u00f1or Salvador Pi\u00f1eiro Garc\u00eda Calder\u00f3n, Presidente de la Conferencia Episcopal Peruana y Arzobispo de Ayacucho; Monse\u00f1or Fortunato Pablo Urcey, Secretario General y Obispo de Chota; y Monse\u00f1or Norberto Strotmann Hoppe, Obispo de Chosica.<o:p><\/o:p><\/span><\/p>\n<p style=\"margin:0cm;margin-bottom:.0001pt;text-align:justify\"><b><span style=\"font-size:11.0pt;font-family:\"Calibri\",\"sans-serif\";mso-ascii-theme-font:\nminor-latin;mso-hansi-theme-font:minor-latin\">\u00a0<\/span><\/b><\/p>\n<p style=\"margin:0cm;margin-bottom:.0001pt;text-align:justify\"><span style=\"font-size:11.0pt;font-family:\"Calibri\",\"sans-serif\";mso-ascii-theme-font:\nminor-latin;mso-hansi-theme-font:minor-latin\">La primera actividad es un D\u00eda de Ayuno y Oraci\u00f3n en el Per\u00fa y en Friburgo (Alemania) dentro del marco de la Partnerschaft, acci\u00f3n simult\u00e1nea que hermana a las Iglesias de Per\u00fa y de la Arquidi\u00f3cesis de Friburgo, Alemania. La actividad central ser\u00e1 el domingo 9 de noviembre de 2014, en la Di\u00f3cesis de Lur\u00edn y simult\u00e1neamente en muchas parroquias del Per\u00fa y de la Arquidi\u00f3cesis de Friburgo. Esta vez queremos rezar y ayunar juntos por el cuidado de los bienes de la creaci\u00f3n y por la justicia clim\u00e1tica. El Per\u00fa, por su enorme biodiversidad, es sumamente fr\u00e1gil frente al cambio clim\u00e1tico. Es por ello que clamamos a Dios, para que primen la responsabilidad global y la justicia clim\u00e1tica en el mundo y las autoridades tomen decisiones firmes y vinculantes frente al aumento de la temperatura en el Planeta.\u00a0 <o:p><\/o:p><\/span><\/p>\n<p style=\"text-align: justify; background-image: initial; background-attachment: initial; background-size: initial; background-origin: initial; background-clip: initial; background-position: initial; background-repeat: initial;\"><span style=\"font-size:11.0pt;\nfont-family:\"Calibri\",\"sans-serif\";mso-ascii-theme-font:minor-latin;mso-hansi-theme-font:\nminor-latin\">Una de las actividades centrales para el mes de diciembre, ser\u00e1 la reuni\u00f3n entre los obispos que vienen de todo el mundo, con representantes de los gobiernos participantes de la Conferencia \u201cCumbre\u201d. Se buscar\u00e1 alcanzar las preocupaciones y propuestas de la Iglesia Cat\u00f3lica sobre la justicia clim\u00e1tica y su impacto en las poblaciones empobrecidas y marginadas y en el cuidado de los bienes de la Creaci\u00f3n. <o:p><\/o:p><\/span><\/p>\n<p style=\"text-align: justify; background-image: initial; background-attachment: initial; background-size: initial; background-origin: initial; background-clip: initial; background-position: initial; background-repeat: initial;\"><span style=\"font-size:11.0pt;\nfont-family:\"Calibri\",\"sans-serif\";mso-ascii-theme-font:minor-latin;mso-hansi-theme-font:\nminor-latin\">Una actividad en el recinto oficial de la COP 20 ser\u00e1 un seminario internacional sobre \u201cCambio clim\u00e1tico, seguridad alimentaria y agricultura familiar\u201d. Actividad co-organizada por Caritas Internationalis, el Departamento Justicia y Solidaridad, DEJUSOL del Consejo Episcopal Latinoamericano, CELAM, la Comisi\u00f3n Episcopal de Acci\u00f3n Social, CEAS, Caritas del Per\u00fa y la red CIDSE de organizaciones cat\u00f3licas de ayuda al desarrollo. <o:p><\/o:p><\/span><\/p>\n<p style=\"text-align: justify; background-image: initial; background-attachment: initial; background-size: initial; background-origin: initial; background-clip: initial; background-position: initial; background-repeat: initial;\"><span lang=\"ES-TRAD\" style=\"font-size: 11pt; font-family: Calibri, sans-serif;\">Estas son algunas de las actividades y las daremos a conocer a los medios de comunicaci\u00f3n en nuestra Conferencia de Prensa. <o:p><\/o:p><\/span><\/p>\n<p style=\"text-align: justify; background-image: initial; background-attachment: initial; background-size: initial; background-origin: initial; background-clip: initial; background-position: initial; background-repeat: initial;\"><span lang=\"ES-TRAD\" style=\"font-size: 11pt; font-family: Calibri, sans-serif;\">Agradecidos por su asistencia y por la cobertura.<o:p><\/o:p><\/span><\/p>\n<p class=\"MsoNormal\"><span lang=\"ES-TRAD\" style=\"font-size:11.0pt;font-family:\"Calibri\",\"sans-serif\";\nmso-ascii-theme-font:minor-latin;mso-hansi-theme-font:minor-latin\">\u00a0<\/span><\/p>\n<p class=\"MsoNormal\"><span lang=\"ES-TRAD\" style=\"font-size:11.0pt;font-family:\"Calibri\",\"sans-serif\";\nmso-ascii-theme-font:minor-latin;mso-hansi-theme-font:minor-latin\">Para mayor informaci\u00f3n contactar con: <o:p><\/o:p><\/span><\/p>\n<p class=\"MsoNormal\"><i><span lang=\"ES-MX\" style=\"font-size:11.0pt;font-family:\"Calibri\",\"sans-serif\";mso-ascii-theme-font:\nminor-latin;mso-hansi-theme-font:minor-latin;mso-ansi-language:ES-MX\">Miriam De la Cruz Telf. 472 3714 Cel: 988458244 RPM #730028<o:p><\/o:p><\/span><\/i><\/p>\n<p class=\"MsoNormal\"><i><span lang=\"ES-MX\" style=\"font-size:11.0pt;font-family:\"Calibri\",\"sans-serif\";mso-ascii-theme-font:\nminor-latin;mso-hansi-theme-font:minor-latin;mso-ansi-language:ES-MX\">Beatriz P\u00e9rez Telf. 472 3715 Cel. 990625545<\/span><\/i><i><span style=\"font-size:11.0pt;font-family:\"Calibri\",\"sans-serif\";\nmso-ascii-theme-font:minor-latin;mso-hansi-theme-font:minor-latin;mso-ansi-language:\nES-PE\"><o:p><\/o:p><\/span><\/i><\/p>\n<p><a href=\"http:\/\/web.hilo.org.pe\/wp-content\/uploads\/MEMBRETE WEB CEP.jpg\" target=\"_blank\" rel=\"noopener\">Ver archivo adjunto<\/a><\/p>\n","protected":false},"excerpt":{"rendered":"<p>La Iglesia peruana no est? ajena a este acontecimiento planetario, tiene iniciativas y propuestas que las dar? a conocer el mi?rcoles 5 de noviembre a las 11 de la ma?ana en el auditorio de la Conferencia Episcopal Peruana (Jr. Estados Unidos 838, Jes?s Mar?a) a trav?s de una conferencia de prensa, donde estar?n presentes Monse?or Salvador Pi?eiro Garc?a Calder?n, Presidente de la Conferencia Episcopal Peruana y Arzobispo de Ayacucho; Monse?or Fortunato Pablo Urcey, Secretario General y Obispo de Chota; y Monse?or Norberto Strotmann Hoppe, Obispo de Chosica.<\/p>\n","protected":false},"author":1,"featured_media":8022,"comment_status":"closed","ping_status":"closed","sticky":false,"template":"","format":"standard","meta":{"footnotes":""},"categories":[9],"tags":[],"class_list":["post-2041","post","type-post","status-publish","format-standard","has-post-thumbnail","hentry","category-noticias"],"_links":{"self":[{"href":"https:\/\/ceas.org.pe\/index.php\/wp-json\/wp\/v2\/posts\/2041","targetHints":{"allow":["GET"]}}],"collection":[{"href":"https:\/\/ceas.org.pe\/index.php\/wp-json\/wp\/v2\/posts"}],"about":[{"href":"https:\/\/ceas.org.pe\/index.php\/wp-json\/wp\/v2\/types\/post"}],"author":[{"embeddable":true,"href":"https:\/\/ceas.org.pe\/index.php\/wp-json\/wp\/v2\/users\/1"}],"replies":[{"embeddable":true,"href":"https:\/\/ceas.org.pe\/index.php\/wp-json\/wp\/v2\/comments?post=2041"}],"version-history":[{"count":1,"href":"https:\/\/ceas.org.pe\/index.php\/wp-json\/wp\/v2\/posts\/2041\/revisions"}],"predecessor-version":[{"id":7177,"href":"https:\/\/ceas.org.pe\/index.php\/wp-json\/wp\/v2\/posts\/2041\/revisions\/7177"}],"wp:featuredmedia":[{"embeddable":true,"href":"https:\/\/ceas.org.pe\/index.php\/wp-json\/wp\/v2\/media\/8022"}],"wp:attachment":[{"href":"https:\/\/ceas.org.pe\/index.php\/wp-json\/wp\/v2\/media?parent=2041"}],"wp:term":[{"taxonomy":"category","embeddable":true,"href":"https:\/\/ceas.org.pe\/index.php\/wp-json\/wp\/v2\/categories?post=2041"},{"taxonomy":"post_tag","embeddable":true,"href":"https:\/\/ceas.org.pe\/index.php\/wp-json\/wp\/v2\/tags?post=2041"}],"curies":[{"name":"wp","href":"https:\/\/api.w.org\/{rel}","templated":true}]}}