{"id":2038,"date":"2014-10-28T10:04:54","date_gmt":"2014-10-28T10:04:54","guid":{"rendered":""},"modified":"2026-03-11T09:12:18","modified_gmt":"2026-03-11T14:12:18","slug":"papa-francisco-nombra-a-nuevo-arzobispo-del-cusco","status":"publish","type":"post","link":"https:\/\/ceas.org.pe\/index.php\/2014\/10\/28\/papa-francisco-nombra-a-nuevo-arzobispo-del-cusco\/","title":{"rendered":"Papa Francisco nombra a nuevo Arzobispo del Cusco"},"content":{"rendered":"<p>Mons. Juan Antonio Ugarte P\u00e9rez, a partir de hoy Administrador Apost\u00f3lico de la Arquidi\u00f3cesis del Cusco, cumple con informar a la feligres\u00eda cusque\u00f1a que Su Santidad el Papa Francisco, acaba de nombrar como nuevo Arzobispo Metropolitano del Cusco, al Excmo. Mons. Richard Daniel Alarc\u00f3n Urrutia, hasta ahora, Obispo de Tarma.<\/p>\n<p>Inform\u00f3 que la noticia ser\u00e1 publicada hoy, a las 12:00 m., hora de Roma (06:00 a.m., hora local) hasta entonces esta informaci\u00f3n deber\u00e1 ser mantenida BAJO SECRETO PONTIFICIO.<\/p>\n<p>Mons. Juan Antonio, dijo, que esperaba la designaci\u00f3n de su sucesor, desde que present\u00f3 su renuncia el a\u00f1o pasado y ahora que ya contamos con un nuevo pastor, pide a la feligres\u00eda elevar sus oraciones, por quien ahora asumir\u00e1 esta gran responsabilidad.<\/p>\n<p>As\u00ed mismo, agradece a todo el Clero, a los trabajadores de la Curia, a los colaboradores en las diferentes Comisiones arquidiocesanas, a las congregaciones religiosas y a toda la feligres\u00eda en general, por el apoyo incondicional durante sus m\u00e1s de diez a\u00f1os de gobierno pastoral, en esta Jurisdicci\u00f3n Eclesi\u00e1stica, a la que se dedic\u00f3 con amor y a la que llevar\u00e1 siempre en su coraz\u00f3n.<\/p>\n<p><strong><br \/>\nHOJA DE VIDA DE S.E. MONS. RICHARD DANIEL ALARC\u00d3N URRUTIA<\/strong><br \/>\n\u00a0<br \/>\nS.E. Mons. Richard Daniel Alarc\u00f3n Urrutia, peruano, naci\u00f3 en Lima en 10 de abril de 1952. Emiti\u00f3 la profesi\u00f3n solemne, en la Orden de los Frailes Menores, el 15 de mayo de 1976 y fue ordenado sacerdote el 08 de diciembre de 1976. El 20 de abril de 1993 obtuvo el indulto de salida de la Orden Franciscana, incardin\u00e1ndose en la Di\u00f3cesis de Tarma. El 13 de junio del 2001 fue nombrado Obispo de Tarma, recibiendo la Ordenaci\u00f3n Episcopal, el 21 de julio sucesivo, fecha en la que tom\u00f3 posesi\u00f3n can\u00f3nica de la Di\u00f3cesis.<br \/>\nHa realizado los estudios de filosof\u00eda y de teolog\u00eda en la Facultad de Teolog\u00eda Pontificia y Civil de Lima.<\/p>\n<p><strong>Se ha desempe\u00f1ado como:<\/strong><\/p>\n<p>\u00a0\u00a0\u00a0 P\u00e1rroco de la Parroquia de San Francisco y Ec\u00f3nomo del Convento de los Franciscanos en el Cusco (1977).<br \/>\n\u00a0\u00a0\u00a0 Maestro de postulantes en el Convento de San Jos\u00e9 Obrero en Arequipa (1978).<br \/>\n\u00a0\u00a0\u00a0 Guardi\u00e1n y Maestro de postulantes en el Convento de Santa B\u00e1rbara en Juliaca, Puno (1979-1981).<br \/>\n\u00a0\u00a0\u00a0 Vice-Maestro de Profesos temporales (Te\u00f3logos) de la Casa de Formaci\u00f3n del Convento de San Francisco en Lima (1982).<br \/>\n\u00a0\u00a0\u00a0 P\u00e1rroco de la Parroquia de San Crist\u00f3bal en Palcamayo, Di\u00f3cesis de Tarma (1983-1989).<br \/>\n\u00a0\u00a0\u00a0 Administrador Diocesano de la Di\u00f3cesis de Tarma (1990-1992).<br \/>\n\u00a0\u00a0\u00a0 P\u00e1rroco de la Catedral de Santa Ana de Tarma (1993-1996).<br \/>\n\u00a0\u00a0\u00a0 Vicario General de la Di\u00f3cesis de Tarma (1993-2001).<br \/>\n\u00a0\u00a0\u00a0 P\u00e1rroco de la Parroquia de San Miguel Arc\u00e1ngel de Ulcumayo, Di\u00f3cesis de Tarma (1996-2001).<br \/>\n\u00a0\u00a0\u00a0 Responsable de la Comisi\u00f3n Diocesana para los laicos de la Di\u00f3cesis de Tarma (1999-2001).<\/p>\n<p>\nDesde el 13 de junio del 2001 es Obispo de Tarma. Desde el 2012 es el Presidente de C\u00e1ritas del Per\u00fa y en la 104a Asamblea Plenaria Extraordinaria de la Conferencia Episcopal ha sido elegido miembro del Consejo Permanente.<\/p>\n<p>Fuente: arzobispadodelcusco.org<br \/>\n\u00a0<\/p>\n<p><a href=\"http:\/\/web.hilo.org.pe\/wp-content\/uploads\/nuevoarzobispo.jpg\" target=\"_blank\" rel=\"noopener\">Ver archivo adjunto<\/a><\/p>\n","protected":false},"excerpt":{"rendered":"<p>Mons. Juan Antonio Ugarte P?rez, a partir de hoy Administrador Apost?lico de la Arquidi?cesis del Cusco, cumple con informar a la feligres?a cusque?a que Su Santidad el Papa Francisco, acaba de nombrar como nuevo Arzobispo Metropolitano del Cusco, al Excmo. Mons. Richard Daniel Alarc?n Urrutia, hasta ahora, Obispo de Tarma.<\/p>\n","protected":false},"author":1,"featured_media":7855,"comment_status":"closed","ping_status":"closed","sticky":false,"template":"","format":"standard","meta":{"footnotes":""},"categories":[9],"tags":[],"class_list":["post-2038","post","type-post","status-publish","format-standard","has-post-thumbnail","hentry","category-noticias"],"_links":{"self":[{"href":"https:\/\/ceas.org.pe\/index.php\/wp-json\/wp\/v2\/posts\/2038","targetHints":{"allow":["GET"]}}],"collection":[{"href":"https:\/\/ceas.org.pe\/index.php\/wp-json\/wp\/v2\/posts"}],"about":[{"href":"https:\/\/ceas.org.pe\/index.php\/wp-json\/wp\/v2\/types\/post"}],"author":[{"embeddable":true,"href":"https:\/\/ceas.org.pe\/index.php\/wp-json\/wp\/v2\/users\/1"}],"replies":[{"embeddable":true,"href":"https:\/\/ceas.org.pe\/index.php\/wp-json\/wp\/v2\/comments?post=2038"}],"version-history":[{"count":1,"href":"https:\/\/ceas.org.pe\/index.php\/wp-json\/wp\/v2\/posts\/2038\/revisions"}],"predecessor-version":[{"id":7180,"href":"https:\/\/ceas.org.pe\/index.php\/wp-json\/wp\/v2\/posts\/2038\/revisions\/7180"}],"wp:featuredmedia":[{"embeddable":true,"href":"https:\/\/ceas.org.pe\/index.php\/wp-json\/wp\/v2\/media\/7855"}],"wp:attachment":[{"href":"https:\/\/ceas.org.pe\/index.php\/wp-json\/wp\/v2\/media?parent=2038"}],"wp:term":[{"taxonomy":"category","embeddable":true,"href":"https:\/\/ceas.org.pe\/index.php\/wp-json\/wp\/v2\/categories?post=2038"},{"taxonomy":"post_tag","embeddable":true,"href":"https:\/\/ceas.org.pe\/index.php\/wp-json\/wp\/v2\/tags?post=2038"}],"curies":[{"name":"wp","href":"https:\/\/api.w.org\/{rel}","templated":true}]}}