{"id":2036,"date":"2014-10-27T09:28:54","date_gmt":"2014-10-27T09:28:54","guid":{"rendered":""},"modified":"2026-03-11T09:12:18","modified_gmt":"2026-03-11T14:12:18","slug":"mons-pioeiro-comparte-experiencia-en-el-sonodo-de-los-obispos","status":"publish","type":"post","link":"https:\/\/ceas.org.pe\/index.php\/2014\/10\/27\/mons-pioeiro-comparte-experiencia-en-el-sonodo-de-los-obispos\/","title":{"rendered":"Mons. Pi\u00f3eiro comparte experiencia en el S\u00f3nodo de los Obispos"},"content":{"rendered":"<p>A su llegada a Lima, luego de participar en el S\u00ednodo de los Obispos sobre la Familia que se realiz\u00f3 en Roma, Monse\u00f1or Salvador Pi\u00f1eiro, Arzobispo de Ayacucho y Presidente de la Conferencia Episcopal Peruana, se reuni\u00f3 con todo el personal que labora en el Episcopado Peruano para compartir sus experiencias en el S\u00ednodo convocado por el Santo Padre.<\/p>\n<p>Dijo que fue una hermosa experiencia este encuentro donde participaron cerca de 185 Padres Sinodales, provenientes de todo el mundo. \u201cEste S\u00ednodo Extraordinario fue convocado por el Papa Francisco para estudiar un tema muy importante para la Iglesia, que es el desaf\u00edo de la familia en el mundo actual\u201d, dijo.<\/p>\n<p>En otro momento de su di\u00e1logo, el Arzobispo lament\u00f3 que en nuestro pa\u00eds no se valore el matrimonio, la vida, ni la familia, pues hay muchos casos de divorcios, abortos y ausencia de familia.<\/p>\n<p>Explic\u00f3 que durante el S\u00ednodo se elabor\u00f3 una s\u00edntesis de los aportes que fueron enviados por las conferencias episcopales de todo el mundo para estudiar el tema de la familia. As\u00ed tambi\u00e9n, luego de los trabajos, los representantes de cada continente entregaron m\u00e1s aportes para la elaboraci\u00f3n de una s\u00edntesis, con temas que fueron analizados en un ambiente muy fraterno.<\/p>\n<p>Monse\u00f1or Salvador Pi\u00f1eiro tambi\u00e9n coment\u00f3 que durante el S\u00ednodo el Papa Francisco pidi\u00f3 que se manifiesten todas las votaciones realizadas en este encuentro. Tambi\u00e9n hubo temas muy importantes que se seguir\u00e1n estudiando a pedido del Santo Padre.<\/p>\n<p>El Arzobispo dijo que este encuentro es importante porque en la actualidad la familia es la base de la sociedad y adem\u00e1s se debe preparar a los j\u00f3venes a la fidelidad y al matrimonio. Por ello, dijo que luego de estas reuniones, el Pont\u00edfice ha encargado una comisi\u00f3n para la preparaci\u00f3n del pr\u00f3ximo S\u00ednodo que se realizar\u00e1 en 2015 y que tendr\u00e1 como tema la vocaci\u00f3n y misi\u00f3n del matrimonio. \u201cEsto demuestra la gran preocupaci\u00f3n del Santo Padre por la familia\u201d, dijo.<\/p>\n<p>Por otro lado, Monse\u00f1or Salvador Pi\u00f1eiro hizo llegar el saludo y la bendici\u00f3n del Papa Francisco a todo el pueblo peruano y ve dif\u00edcil una pr\u00f3xima visita del Vicario de Cristo a nuestro pa\u00eds, pues \u00e9l desea salir m\u00e1s al encuentro de los cristianos que se encuentran en los pa\u00edses del Oriente.<\/p>\n<p>(Fuente: CEP)<\/p>\n<p><a href=\"http:\/\/web.hilo.org.pe\/wp-content\/uploads\/sinodopineiro.jpg\" target=\"_blank\" rel=\"noopener\">Ver archivo adjunto<\/a><\/p>\n","protected":false},"excerpt":{"rendered":"<p>A su llegada a Lima, luego de participar en el S?nodo de los Obispos sobre la Familia que se realiz? en Roma, Monse?or Salvador Pi?eiro, Arzobispo de Ayacucho y Presidente de la Conferencia Episcopal Peruana, se reuni? con todo el personal que labora en el Episcopado Peruano para compartir sus experiencias en el S?nodo convocado por el Santo Padre.<\/p>\n","protected":false},"author":1,"featured_media":7854,"comment_status":"closed","ping_status":"closed","sticky":false,"template":"","format":"standard","meta":{"footnotes":""},"categories":[9],"tags":[],"class_list":["post-2036","post","type-post","status-publish","format-standard","has-post-thumbnail","hentry","category-noticias"],"_links":{"self":[{"href":"https:\/\/ceas.org.pe\/index.php\/wp-json\/wp\/v2\/posts\/2036","targetHints":{"allow":["GET"]}}],"collection":[{"href":"https:\/\/ceas.org.pe\/index.php\/wp-json\/wp\/v2\/posts"}],"about":[{"href":"https:\/\/ceas.org.pe\/index.php\/wp-json\/wp\/v2\/types\/post"}],"author":[{"embeddable":true,"href":"https:\/\/ceas.org.pe\/index.php\/wp-json\/wp\/v2\/users\/1"}],"replies":[{"embeddable":true,"href":"https:\/\/ceas.org.pe\/index.php\/wp-json\/wp\/v2\/comments?post=2036"}],"version-history":[{"count":1,"href":"https:\/\/ceas.org.pe\/index.php\/wp-json\/wp\/v2\/posts\/2036\/revisions"}],"predecessor-version":[{"id":7182,"href":"https:\/\/ceas.org.pe\/index.php\/wp-json\/wp\/v2\/posts\/2036\/revisions\/7182"}],"wp:featuredmedia":[{"embeddable":true,"href":"https:\/\/ceas.org.pe\/index.php\/wp-json\/wp\/v2\/media\/7854"}],"wp:attachment":[{"href":"https:\/\/ceas.org.pe\/index.php\/wp-json\/wp\/v2\/media?parent=2036"}],"wp:term":[{"taxonomy":"category","embeddable":true,"href":"https:\/\/ceas.org.pe\/index.php\/wp-json\/wp\/v2\/categories?post=2036"},{"taxonomy":"post_tag","embeddable":true,"href":"https:\/\/ceas.org.pe\/index.php\/wp-json\/wp\/v2\/tags?post=2036"}],"curies":[{"name":"wp","href":"https:\/\/api.w.org\/{rel}","templated":true}]}}