{"id":2033,"date":"2014-10-24T09:24:33","date_gmt":"2014-10-24T09:24:33","guid":{"rendered":""},"modified":"2026-03-11T09:12:18","modified_gmt":"2026-03-11T14:12:18","slug":"v-simposio-de-teologoa-india","status":"publish","type":"post","link":"https:\/\/ceas.org.pe\/index.php\/2014\/10\/24\/v-simposio-de-teologoa-india\/","title":{"rendered":"V Simposio de Teolog\u00f3a India"},"content":{"rendered":"<p>Convocados por el CELAM en San Crist\u00f3bal de las Casas, el encuentro se enfoc\u00f3 hacia la profundizaci\u00f3n de los contenidos doctrinales de la teolog\u00eda india, para avanzar en su clarificaci\u00f3n, a la luz de la Palabra de Dios y del Magisterio de la Iglesia. \u201cEste es un tema delicado y fronterizo, sobre el cual se ha procurado dialogar entre los impulsores de esta Teolog\u00eda y el Magisterio eclesial, siempre en comunicaci\u00f3n con la Congregaci\u00f3n para la Doctrina de la Fe\u201d, comenta monse\u00f1or Felipe Arismendi Esquivel, obispo anfitri\u00f3n y actual responsable de la pastoral de la cultura del CELAM.<\/p>\n<p>Durante los d\u00edas del Simposio, obispos delegados por las conferencias episcopales, religiosas, laicos y sacerdotes de diversos pa\u00edses latinoamericanos con poblaci\u00f3n ind\u00edgena, compartieron y dialogaron sobre los diferentes elementos de la revelaci\u00f3n de la Palabra de Dios y en sus diversas manifestaciones en las culturas originarias. Asimismo, se busc\u00f3 avanzar en la clarificaci\u00f3n de algunos puntos cuestionados de la revelaci\u00f3n de Dios en los pueblos originarios. Todo ello en un ambiente celebrativo de fe, con expresiones propias de los pueblos originarios.<\/p>\n<p>De este modo, los conferencista abordaron tres grandes cuestiones: (1) Escritura: Palabra de Dios y Palabras Ind\u00edgenas (Manifestaci\u00f3n de Dios en los cambios culturales de los pueblos originarios; los nombres de Dios en los pueblos originarios; \u00bfc\u00f3mo descubro a Dios en la vida de mi pueblo?). (2)\u00a0 La Revelaci\u00f3n en la Teolog\u00eda Cat\u00f3lica (Dei Verbum y Verbum Domini en perspectiva ind\u00edgena; \u00bfrevelaci\u00f3n de Dios en las culturas originarias?; mi experiencia de Dios en la vida de mi pueblo). (3) Revelaci\u00f3n y pueblos originarios, cuestiones disputadas (Caminos abiertos en la teolog\u00eda de la revelaci\u00f3n; la Sagrada Escritura en la vida de los pueblos originarios; las Palabras de Dios en mi vida y en la vida y el martirio de mi pueblo).<\/p>\n<p>Sobre las jornadas desarrolladas, monse\u00f1or Arismendi coment\u00f3 que \u201ceste es un tema pol\u00e9mico, pues nos obliga a pensar con otras categor\u00edas y otros m\u00e9todos, propios de los pueblos originarios, que contrastan con nuestra teolog\u00eda tradicional. Sin embargo, el Papa Francisco nos anima a abrirnos a otras culturas, para que en ellas se haga presente la plenitud de la revelaci\u00f3n en Cristo\u201d.<\/p>\n<p>\u00a0<\/p>\n<p>\u00d3SCAR ELIZALDE PRADA<br \/>\nFUENTE: DI\u00d3CESIS DE SAN CRIST\u00d3BAL DE LAS CASAS<\/p>\n<p><a href=\"http:\/\/web.hilo.org.pe\/wp-content\/uploads\/teologiaindia.jpg\" target=\"_blank\" rel=\"noopener\">Ver archivo adjunto<\/a><\/p>\n","protected":false},"excerpt":{"rendered":"<p>Convocados por el CELAM en San Crist?bal de las Casas, el encuentro se enfoc? hacia la profundizaci?n de los contenidos doctrinales de la teolog?a india, para avanzar en su clarificaci?n, a la luz de la Palabra de Dios y del Magisterio de la Iglesia.<\/p>\n","protected":false},"author":1,"featured_media":7885,"comment_status":"closed","ping_status":"closed","sticky":false,"template":"","format":"standard","meta":{"footnotes":""},"categories":[9],"tags":[],"class_list":["post-2033","post","type-post","status-publish","format-standard","has-post-thumbnail","hentry","category-noticias"],"_links":{"self":[{"href":"https:\/\/ceas.org.pe\/index.php\/wp-json\/wp\/v2\/posts\/2033","targetHints":{"allow":["GET"]}}],"collection":[{"href":"https:\/\/ceas.org.pe\/index.php\/wp-json\/wp\/v2\/posts"}],"about":[{"href":"https:\/\/ceas.org.pe\/index.php\/wp-json\/wp\/v2\/types\/post"}],"author":[{"embeddable":true,"href":"https:\/\/ceas.org.pe\/index.php\/wp-json\/wp\/v2\/users\/1"}],"replies":[{"embeddable":true,"href":"https:\/\/ceas.org.pe\/index.php\/wp-json\/wp\/v2\/comments?post=2033"}],"version-history":[{"count":1,"href":"https:\/\/ceas.org.pe\/index.php\/wp-json\/wp\/v2\/posts\/2033\/revisions"}],"predecessor-version":[{"id":7185,"href":"https:\/\/ceas.org.pe\/index.php\/wp-json\/wp\/v2\/posts\/2033\/revisions\/7185"}],"wp:featuredmedia":[{"embeddable":true,"href":"https:\/\/ceas.org.pe\/index.php\/wp-json\/wp\/v2\/media\/7885"}],"wp:attachment":[{"href":"https:\/\/ceas.org.pe\/index.php\/wp-json\/wp\/v2\/media?parent=2033"}],"wp:term":[{"taxonomy":"category","embeddable":true,"href":"https:\/\/ceas.org.pe\/index.php\/wp-json\/wp\/v2\/categories?post=2033"},{"taxonomy":"post_tag","embeddable":true,"href":"https:\/\/ceas.org.pe\/index.php\/wp-json\/wp\/v2\/tags?post=2033"}],"curies":[{"name":"wp","href":"https:\/\/api.w.org\/{rel}","templated":true}]}}