{"id":2032,"date":"2014-10-23T09:53:55","date_gmt":"2014-10-23T09:53:55","guid":{"rendered":""},"modified":"2026-03-11T09:12:18","modified_gmt":"2026-03-11T14:12:18","slug":"xviii-congreso-latinoamericano-y-del-caribe-de-pastoral-social-coritas","status":"publish","type":"post","link":"https:\/\/ceas.org.pe\/index.php\/2014\/10\/23\/xviii-congreso-latinoamericano-y-del-caribe-de-pastoral-social-coritas\/","title":{"rendered":"XVIII Congreso Latinoamericano y del Caribe de Pastoral Social C\u00f3ritas"},"content":{"rendered":"<p>En el municipio de Guarne, departamento de Antioquia, Colombia, se desarrolla el XVIII Congreso Latinoamericano y del Caribe de Pastoral Social C\u00e1ritas, que se lleva a cabo entre el 20 y el 24 de octubre y cuenta con 187 representantes de 23 Caritas y del Departamento de Justicia y Solidaridad del Celam. <\/p>\n<p>Durante una semana, las delegaciones reflexionaran sobre el desaf\u00edo de la Iglesia de vivir con entusiasmo y alegr\u00eda el Evangelio de la fraternidad y la justicia. Profundizar la identidad eclesial y la espiritualidad de Pastoral Social, al igual que fortalecer la dimensi\u00f3n social de la evangelizaci\u00f3n, ser\u00e1n los principales retos que como agentes de pastoral se debe responder ante los desaf\u00edos del mundo actual. <\/p>\n<p>La Pastoral Social Caritas en nuestro continente, est\u00e1 llamada a animar, a la luz del evangelio y la Doctrina Social de la Iglesia, el proceso de transformaci\u00f3n de la realidad de los pueblos de Am\u00e9rica, con el protagonismo de los pobres y excluidos, para construir, en armon\u00eda con la creaci\u00f3n, una sociedad justa, fraterna y solidaria, signo del Reino de Dios. <\/p>\n<p>Queremos un continente solidario, justo, democr\u00e1tico y pluralista. Donde cada hombre y mujer vivan de acuerdo a su dignidad, tengan satisfechas sus necesidades b\u00e1sicas y usen sosteniblemente los recursos de la creaci\u00f3n para el bien com\u00fan. <\/p>\n<p>Para ello, es necesario una Iglesia que sea testigo de Jes\u00fas en el mundo, pobre, prof\u00e9tica, y pascual, en conversi\u00f3n continua, donde los laicos sean protagonistas y que incida en los procesos hist\u00f3ricos de transformaci\u00f3n. <\/p>\n<p>El saludo inaugural estuvo a cargo del Pbro. Segundo Tejado Mu\u00f1oz, Subsecretario Pontificio Consejo Cor Unum\u00a0 <\/p>\n<p>Luego fue el turno de Michel Roy, Secretario General de Caritas Internacional, quien\u00a0 dio el marco de bienvenida, explicando cu\u00e1l es el \u00e9nfasis\u00a0 del trabajo que se llevar\u00e1 a cabo durante estos d\u00edas de trabajo.\u00a0 \u201cEstamos viviendo cambios muy profundos dentro de la Iglesia, donde la Caridad sigue siendo una prioridad. Las desigualdades van aumentando, haciendo el mundo m\u00e1s inestable.<\/p>\n<p>As\u00ed, el secretario de Caritas Internacional plante\u00f3 cuatro retos que nos interpelan como parte de esta gran red: <\/p>\n<p>\u2022Compasi\u00f3n en acci\u00f3n: reducir el riesgo y el impacto de las crisis humanitarias<\/p>\n<p>\u2022Promover el desarrollo humano integral: erradicar la extrema pobreza<\/p>\n<p>\u2022Incidencia pol\u00edtica por un mundo mejor: transformar los sistemas y las estructuras injustas<\/p>\n<p>\u2022Una confederaci\u00f3n m\u00e1s fuerte y efectiva: crear competencia organizativa y cooperaci\u00f3n fraterna global.<\/p>\n<p>Asimismo, Caritas ha trazado un plan que busca cubrir las siguientes \u00e1reas de atenci\u00f3n en el mundo: <\/p>\n<p>\u2022Seguridad alimentaria y justicia clim\u00e1tica (incluida la Campa\u00f1a \u2018Una familia humana, alimentos para todos\u2019)<\/p>\n<p>\u2022Migraci\u00f3n y tr\u00e1fico de personas<\/p>\n<p>\u2022Salud (especialmente VIH\/AIDS, enfermedades no transmisibles y Ebola)<\/p>\n<p>\u2022Paz y Reconciliaci\u00f3n<\/p>\n<p>\u2022Los Objetivos de Desarrollo del Milenio. <\/p>\n<p>Y dar mayor \u00e9nfasis a:<\/p>\n<p>\u2022Paz y Reconciliaci\u00f3n <\/p>\n<p>\u2022Las Actividades Extractivas <\/p>\n<p>Finalmente, inst\u00f3 a los miembros de la Red Caritas a continuar trabajando por la campa\u00f1a \u201cUna Sola familia humana, alimento para todos\u201d y\u00a0 a fomentar una red internacional solidaria m\u00e1s activa,\u00a0 considerando que\u00a0 cada\u00a0 Caritas est\u00e1 llamada a ser responsable de su pr\u00f3jimo lejano, en todas las \u00e1reas de nuestra misi\u00f3n com\u00fan. <\/p>\n<p>Luego, en palabras de apertura,\u00a0 Monse\u00f1or Jos\u00e9 Luis Azuaje, presidente de\u00a0 Caritas Am\u00e9rica Latina y del Caribe dio la introducci\u00f3n haciendo un llamado a \u201cQue a nuestro diario servicio se le ponga coraz\u00f3n para reflexionar sobre la realidad pol\u00edtica, econ\u00f3mica, financiera y social, para continuar as\u00ed nuestro camino.\u00a0 Se\u00f1al\u00f3 la importancia de renovar la Pastoral Social\u00a0 para servir con mayor \u00e9nfasis a los pobres y para que se constituya cada d\u00eda m\u00e1s en opci\u00f3n misionera que permita una real evangelizaci\u00f3n. <\/p>\n<p>\u201cNuestras Caritas deben transformarse cada vez en unas Caritas en salida que se involucra, acompa\u00f1a, fructifica y festeja con\u00a0 y por los pobres, son ellos los que nos conducen el camino\u201d, puntualiz\u00f3 Mons. Azuaje.\u00a0 <\/p>\n<p>El secretario del Celam, P. Pedro Hughes,\u00a0 dio tambi\u00e9n la bienvenida haciendo referencia al llamado hecho por el Papa sobre \u201cConstruir una Iglesia pobre para los pobres\u201d. Asimismo, dio a conocer\u00a0 algunas noticias importantes ocurridas en las \u00faltimas semanas, como la constituci\u00f3n de la Red Panamazon\u00eda y se refiri\u00f3 al trabajo que se realizar\u00e1 por parte del Departamento de Justicia y Solidaridad para los pr\u00f3ximos meses. <\/p>\n<p>Dentro de la sesi\u00f3n inaugural, se present\u00f3 la campa\u00f1a \u201cUna sola familia humana, alimento para todos \u201c, que impulsa la red Caritas y que busca terminar con el hambre en el mundo de aqu\u00ed al 2025. <\/p>\n<p>Finalmente, se realiz\u00f3 una Eucarist\u00eda inaugural, cerrando s\u00ed la primera jornada del Congreso. <\/p>\n<p>\nFuente:caritaslatinoamerica.org<\/p>\n<p><a href=\"http:\/\/web.hilo.org.pe\/wp-content\/uploads\/caritascongreso.jpg\" target=\"_blank\" rel=\"noopener\">Ver archivo adjunto<\/a><\/p>\n","protected":false},"excerpt":{"rendered":"<p>En el municipio de Guarne, departamento de Antioquia, Colombia, se desarrolla el XVIII Congreso Latinoamericano y del Caribe de Pastoral Social C?ritas, que se lleva a cabo entre el 20 y el 24 de octubre y cuenta con 187 representantes de 23 Caritas y del Departamento de Justicia y Solidaridad del Celam.<\/p>\n","protected":false},"author":1,"featured_media":7883,"comment_status":"closed","ping_status":"closed","sticky":false,"template":"","format":"standard","meta":{"footnotes":""},"categories":[9],"tags":[],"class_list":["post-2032","post","type-post","status-publish","format-standard","has-post-thumbnail","hentry","category-noticias"],"_links":{"self":[{"href":"https:\/\/ceas.org.pe\/index.php\/wp-json\/wp\/v2\/posts\/2032","targetHints":{"allow":["GET"]}}],"collection":[{"href":"https:\/\/ceas.org.pe\/index.php\/wp-json\/wp\/v2\/posts"}],"about":[{"href":"https:\/\/ceas.org.pe\/index.php\/wp-json\/wp\/v2\/types\/post"}],"author":[{"embeddable":true,"href":"https:\/\/ceas.org.pe\/index.php\/wp-json\/wp\/v2\/users\/1"}],"replies":[{"embeddable":true,"href":"https:\/\/ceas.org.pe\/index.php\/wp-json\/wp\/v2\/comments?post=2032"}],"version-history":[{"count":1,"href":"https:\/\/ceas.org.pe\/index.php\/wp-json\/wp\/v2\/posts\/2032\/revisions"}],"predecessor-version":[{"id":7186,"href":"https:\/\/ceas.org.pe\/index.php\/wp-json\/wp\/v2\/posts\/2032\/revisions\/7186"}],"wp:featuredmedia":[{"embeddable":true,"href":"https:\/\/ceas.org.pe\/index.php\/wp-json\/wp\/v2\/media\/7883"}],"wp:attachment":[{"href":"https:\/\/ceas.org.pe\/index.php\/wp-json\/wp\/v2\/media?parent=2032"}],"wp:term":[{"taxonomy":"category","embeddable":true,"href":"https:\/\/ceas.org.pe\/index.php\/wp-json\/wp\/v2\/categories?post=2032"},{"taxonomy":"post_tag","embeddable":true,"href":"https:\/\/ceas.org.pe\/index.php\/wp-json\/wp\/v2\/tags?post=2032"}],"curies":[{"name":"wp","href":"https:\/\/api.w.org\/{rel}","templated":true}]}}