{"id":2028,"date":"2014-10-22T09:53:36","date_gmt":"2014-10-22T09:53:36","guid":{"rendered":""},"modified":"2026-03-11T09:12:19","modified_gmt":"2026-03-11T14:12:19","slug":"comunidad-campesina-cruz-de-mayo-exige-justicia","status":"publish","type":"post","link":"https:\/\/ceas.org.pe\/index.php\/2014\/10\/22\/comunidad-campesina-cruz-de-mayo-exige-justicia\/","title":{"rendered":"Comunidad campesina Cruz de Mayo exige justicia"},"content":{"rendered":"<p>\u00a0<span style=\"color: rgb(69, 69, 69);\">Comunidad campesina Cruz de Mayo exige justicia<\/span><\/p>\n<p style=\"margin-bottom:0cm;margin-bottom:.0001pt\"><strong><span lang=\"ES\" style=\"font-size:11.0pt;font-family:\"Calibri\",\"sans-serif\";mso-ascii-theme-font:\nminor-latin;mso-hansi-theme-font:minor-latin;mso-bidi-font-family:Tahoma;\ncolor:#454545;mso-ansi-language:ES;font-weight:normal;mso-bidi-font-weight:\nbold\">Caraz, Per\u00fa, 22 de octubre 2014 (Signis ALC)<\/span><\/strong><span lang=\"ES\" style=\"font-size:11.0pt;font-family:\"Calibri\",\"sans-serif\";mso-ascii-theme-font:\nminor-latin;mso-hansi-theme-font:minor-latin;mso-bidi-font-family:Tahoma;\ncolor:#454545;mso-ansi-language:ES\">.- La comunidad campesina \u00abCruz de Mayo\u00bb, la \u00abComisi\u00f3n de Usuarios de la Sub cuenca Par\u00f3n, Llull\u00e1n Caraz\u00bb, y la Comisi\u00f3n Episcopal de Acci\u00f3n Social de Per\u00fa, CEAS, expresaron la preocupaci\u00f3n por el juicio penal que enfrentan 8 dirigientes campesinos, por defender las fuentes de agua de la laguna Par\u00f3n, en 2008.\u00a0 Seg\u00fan la informaci\u00f3n llegada a la redacci\u00f3n de Signis ALC, la audiencia para la lectura de la sentencia ha sido convocada para el viernes 24 de octubre a las 3 p.m. en la sede del Juzgado Penal Liquidador Transitorio de Huaylas-Caraz, por lo que hicieron un llamado para que los jueces dicten una sentencia justa a quienes defienden la vida, su familia y su ambiente.<o:p><\/o:p><\/span><\/p>\n<p style=\"margin-bottom:0cm;margin-bottom:.0001pt;text-align:justify\"><span lang=\"ES\" style=\"font-size:11.0pt;font-family:\"Calibri\",\"sans-serif\";mso-ascii-theme-font:\nminor-latin;mso-hansi-theme-font:minor-latin;mso-bidi-font-family:Tahoma;\ncolor:#454545;mso-ansi-language:ES\">En el comunicado se explica que por m\u00e1s de 12 a\u00f1os, la laguna Par\u00f3n ha sido depredada y manejada de manera irresponsable, lo cual ocasion\u00f3 la alteraci\u00f3n del desarrollo productivo, econ\u00f3mico y social de las poblaciones campesinas que viven alrededor de toda la sub cuenca Par\u00f3n Llull\u00e1n Caraz.<o:p><\/o:p><\/span><\/p>\n<p style=\"margin-bottom:0cm;margin-bottom:.0001pt;text-align:justify\"><span lang=\"ES\" style=\"font-size:11.0pt;font-family:\"Calibri\",\"sans-serif\";mso-ascii-theme-font:\nminor-latin;mso-hansi-theme-font:minor-latin;mso-bidi-font-family:Tahoma;\ncolor:#454545;mso-ansi-language:ES\">Frente a esta situaci\u00f3n, la comunidad campesina \u00abCruz de Mayo\u00bb, la \u00abComisi\u00f3n de Usuarios de la sub cuenca Par\u00f3n Llull\u00e1n\u00bb y del Pueblo de Caraz, de forma organizada emprendieron en una acci\u00f3n pac\u00edfica para defender las fuentes de agua afectada durante varios a\u00f1os por la Empresa Duke Energy Egenor, que ha causado el deterioro de la infraestructura hidr\u00e1ulica y vial, la erosi\u00f3n y p\u00e9rdida de cultivos; el cambio del cauce del r\u00edo, adem\u00e1s de da\u00f1os a la salud por los altos niveles de sedimentaci\u00f3n y turbidez del agua, incremento en la tarifa del agua potable, alteraci\u00f3n de la paz y tranquilidad y la postergaci\u00f3n del desarrollo de la comunidad.<o:p><\/o:p><\/span><\/p>\n<p style=\"margin-bottom:0cm;margin-bottom:.0001pt;text-align:justify\"><span lang=\"ES\" style=\"font-size:11.0pt;font-family:\"Calibri\",\"sans-serif\";mso-ascii-theme-font:\nminor-latin;mso-hansi-theme-font:minor-latin;mso-bidi-font-family:Tahoma;\ncolor:#454545;mso-ansi-language:ES\">Como respuesta a esta manifestaci\u00f3n de defensa de la vida y de los recursos naturales y culturales de la comunidad, ocho dirigentes y campesinos de la comunidad fueron procesados penalmente, bajo el expediente N\u00ba 381-2008, ante el Juzgado Penal Liquidador Transitorio de Huaylas-Caraz, a cargo del Juez Oscar Antonio Almendrades Lopez.<o:p><\/o:p><\/span><\/p>\n<p style=\"margin-bottom:0cm;margin-bottom:.0001pt;text-align:justify\"><span lang=\"ES\" style=\"font-size:11.0pt;font-family:\"Calibri\",\"sans-serif\";mso-ascii-theme-font:\nminor-latin;mso-hansi-theme-font:minor-latin;mso-bidi-font-family:Tahoma;\ncolor:#454545;mso-ansi-language:ES\">La defensa considera que el Juez deber\u00e1 considerar en este fallo, las condiciones personales de los comuneros, las circunstancias en que ocurrieron los hechos, donde no se desataron actos de violencia bas\u00e1ndose en la defensa del medio ambiente, la colaboraci\u00f3n en el esclarecimiento de los hechos y los argumentos vertidos por la defensa a los largo del proceso.<o:p><\/o:p><\/span><\/p>\n<p style=\"margin-bottom:0cm;margin-bottom:.0001pt;text-align:justify\"><span lang=\"ES\" style=\"font-size:11.0pt;font-family:\"Calibri\",\"sans-serif\";mso-ascii-theme-font:\nminor-latin;mso-hansi-theme-font:minor-latin;mso-bidi-font-family:Tahoma;\ncolor:#454545;mso-ansi-language:ES\">Entre los delitos por lo que se les viene procesando est\u00e1n los usurpaci\u00f3n agravada y perturbaci\u00f3n o impedimento del funcionamiento de servicios p\u00fablicos en agravio del Estado.<o:p><\/o:p><\/span><\/p>\n<p style=\"margin-bottom:0cm;margin-bottom:.0001pt;text-align:justify\"><span lang=\"ES\" style=\"font-size:11.0pt;font-family:\"Calibri\",\"sans-serif\";mso-ascii-theme-font:\nminor-latin;mso-hansi-theme-font:minor-latin;mso-bidi-font-family:Tahoma;\ncolor:#454545;mso-ansi-language:ES\">En una comunicaci\u00f3n dirigida al Congresista Dalmacio Modesto Julca, y firmada conjuntamente por el presidente de la comunidad Cruz de mayo, Carlos Milla Osorio; el presidente del Comit\u00e9 de Usuarios Sub cuenca Paron Llullan, Ad\u00e1n Pajuelo Bula y el Secretario Ejecutivo de la Comisi\u00f3n Episcopal de Acci\u00f3n Social, CEAS, Humberto Ort\u00edz, se expresa la preocupaci\u00f3n por este juicio penal y porque existen \u00abintereses de terceros que han venido manipulando la informaci\u00f3n respecto al caso\u00bb por lo que apelaron a que este \u00abproceso sea mirado desde las m\u00e1s altas instancias a fin de garantizar el debido proceso y la adecuada administraci\u00f3n de justicia\u00bb<o:p><\/o:p><\/span><\/p>\n<p style=\"margin-bottom:0cm;margin-bottom:.0001pt;text-align:justify\"><i><span lang=\"ES\" style=\"font-size:11.0pt;\nfont-family:\"Calibri\",\"sans-serif\";mso-ascii-theme-font:minor-latin;mso-hansi-theme-font:\nminor-latin;mso-bidi-font-family:Tahoma;color:#454545;mso-ansi-language:ES\">Redacci\u00f3n Signis ALC. 22\/10\/14<o:p><\/o:p><\/span><\/i><\/p>\n<p class=\"MsoNormal\" style=\"margin-bottom: 0.0001pt;\"><span lang=\"ES\">\u00a0<\/span><\/p>\n<p><a href=\"http:\/\/web.hilo.org.pe\/wp-content\/uploads\/comunidadcruzdemayo.jpg\" target=\"_blank\" rel=\"noopener\">Ver archivo adjunto<\/a><\/p>\n","protected":false},"excerpt":{"rendered":"<p>Caraz, Per?, 22 de octubre 2014 (Signis ALC).- La comunidad campesina \u00abCruz de Mayo\u00bb, la \u00abComisi?n de Usuarios de la Sub cuenca Par?n, Llull?n Caraz\u00bb, y la Comisi?n Episcopal de Acci?n Social de Per?, CEAS, expresaron la preocupaci?n por el juicio penal que enfrentan 8 dirigientes campesinos, por defender las fuentes de agua de la laguna Par?n, en 2008.  Seg?n la informaci?n llegada a la redacci?n de Signis ALC, la audiencia para la lectura de la sentencia ha sido convocada para el viernes 24 de octubre a las 3 p.m. en la sede del Juzgado Penal Liquidador Transitorio de Huaylas-Caraz, por lo que hicieron un llamado para que los jueces dicten una sentencia justa a quienes defienden la vida, su familia y su ambiente.<\/p>\n","protected":false},"author":1,"featured_media":8020,"comment_status":"closed","ping_status":"closed","sticky":false,"template":"","format":"standard","meta":{"footnotes":""},"categories":[9],"tags":[],"class_list":["post-2028","post","type-post","status-publish","format-standard","has-post-thumbnail","hentry","category-noticias"],"_links":{"self":[{"href":"https:\/\/ceas.org.pe\/index.php\/wp-json\/wp\/v2\/posts\/2028","targetHints":{"allow":["GET"]}}],"collection":[{"href":"https:\/\/ceas.org.pe\/index.php\/wp-json\/wp\/v2\/posts"}],"about":[{"href":"https:\/\/ceas.org.pe\/index.php\/wp-json\/wp\/v2\/types\/post"}],"author":[{"embeddable":true,"href":"https:\/\/ceas.org.pe\/index.php\/wp-json\/wp\/v2\/users\/1"}],"replies":[{"embeddable":true,"href":"https:\/\/ceas.org.pe\/index.php\/wp-json\/wp\/v2\/comments?post=2028"}],"version-history":[{"count":1,"href":"https:\/\/ceas.org.pe\/index.php\/wp-json\/wp\/v2\/posts\/2028\/revisions"}],"predecessor-version":[{"id":7190,"href":"https:\/\/ceas.org.pe\/index.php\/wp-json\/wp\/v2\/posts\/2028\/revisions\/7190"}],"wp:featuredmedia":[{"embeddable":true,"href":"https:\/\/ceas.org.pe\/index.php\/wp-json\/wp\/v2\/media\/8020"}],"wp:attachment":[{"href":"https:\/\/ceas.org.pe\/index.php\/wp-json\/wp\/v2\/media?parent=2028"}],"wp:term":[{"taxonomy":"category","embeddable":true,"href":"https:\/\/ceas.org.pe\/index.php\/wp-json\/wp\/v2\/categories?post=2028"},{"taxonomy":"post_tag","embeddable":true,"href":"https:\/\/ceas.org.pe\/index.php\/wp-json\/wp\/v2\/tags?post=2028"}],"curies":[{"name":"wp","href":"https:\/\/api.w.org\/{rel}","templated":true}]}}