{"id":2018,"date":"2014-10-14T09:23:55","date_gmt":"2014-10-14T09:23:55","guid":{"rendered":""},"modified":"2026-03-11T09:12:19","modified_gmt":"2026-03-11T14:12:19","slug":"la-semana-de-accion-de-la-campaoa-contra-el-hambre-en-el-mundo","status":"publish","type":"post","link":"https:\/\/ceas.org.pe\/index.php\/2014\/10\/14\/la-semana-de-accion-de-la-campaoa-contra-el-hambre-en-el-mundo\/","title":{"rendered":"La Semana de Acci\u00f3n de la campa\u00f3a contra el hambre en el mundo"},"content":{"rendered":"<p>Del 12 al 19 de octubre de 2014, los seguidores de Caritas de todo el mundo se concentrar\u00e1n en reflexionar sobre la maneras de terminar con el hambre. Lean m\u00e1s sobre lo que est\u00e1n haciendo y \u00fananse a la campa\u00f1a.<\/p>\n<p><strong>POR LAS CALLES<\/strong><\/p>\n<p>En Madrid, C\u00e1ritas Espa\u00f1ola est\u00e1 organizando un acto de toda una jornada, para el 16 de octubre, D\u00eda Mundial de la Alimentaci\u00f3n. Un granjero de Ecuador hablar\u00e1 sobre los retos que deben afrontar los peque\u00f1os agricultores y de qu\u00e9 manera Caritas les ha ayudado a cultivar m\u00e1s hortalizas. En otros pa\u00edses, como Bangladesh, los seguidores y simpatizantes de Caritas participar\u00e1n en carreras para sensibilizar a la gente sobre cuestiones vinculadas a la carest\u00eda.<\/p>\n<p><strong>CAMBIAR EL SISTEMA<\/strong><\/p>\n<p>Hay leyes que perjudican a los peque\u00f1os agricultores y a los pobres. En Malawi, Honduras y muchos otros pa\u00edses, Caritas se dirige a los representantes de las administraciones locales, intercediendo por los necesitados.<\/p>\n<p><strong>ALCEN SU VOZ<\/strong><\/p>\n<p>En Canad\u00e1, los seguidos y simpatizante de Caritas se est\u00e1n poniendo en contacto con los supermercados locales, con el fin de que los mismos accedan a vender las cosechas de los peque\u00f1os agricultores. En Jap\u00f3n, Caritas est\u00e1 exhortando a la poblaci\u00f3n a evitar el despilfarro de alimentos y contribuir a comprar simientes paras los agricultores del \u00c1frica oriental.<\/p>\n<p>\u00a0<\/p>\n<p><strong>\u00bfQU\u00c9 PUEDE HACER USTED?<\/strong><br \/>\n&#8211; Disfrute de una comida en su parroquia e invite a los necesitados.<br \/>\n&#8211; Colecte alimentos para crear, durante la Semana de Acci\u00f3n, una despensa local.<br \/>\n&#8211; Ense\u00f1e a alguien a cultivar hortalizas o comparta su cosecha<\/p>\n<p>\u00a0<\/p>\n<p>Fuente: caritas.org<\/p>\n<p><a href=\"http:\/\/web.hilo.org.pe\/wp-content\/uploads\/semanafamilia.jpg\" target=\"_blank\" rel=\"noopener\">Ver archivo adjunto<\/a><\/p>\n","protected":false},"excerpt":{"rendered":"<p>Del 12 al 19 de octubre de 2014, los seguidores de Caritas de todo el mundo se concentrar?n en reflexionar sobre la maneras de terminar con el hambre. Lean m?s sobre lo que est?n haciendo y ?nanse a la campa?a.<\/p>\n","protected":false},"author":1,"featured_media":7910,"comment_status":"closed","ping_status":"closed","sticky":false,"template":"","format":"standard","meta":{"footnotes":""},"categories":[9],"tags":[],"class_list":["post-2018","post","type-post","status-publish","format-standard","has-post-thumbnail","hentry","category-noticias"],"_links":{"self":[{"href":"https:\/\/ceas.org.pe\/index.php\/wp-json\/wp\/v2\/posts\/2018","targetHints":{"allow":["GET"]}}],"collection":[{"href":"https:\/\/ceas.org.pe\/index.php\/wp-json\/wp\/v2\/posts"}],"about":[{"href":"https:\/\/ceas.org.pe\/index.php\/wp-json\/wp\/v2\/types\/post"}],"author":[{"embeddable":true,"href":"https:\/\/ceas.org.pe\/index.php\/wp-json\/wp\/v2\/users\/1"}],"replies":[{"embeddable":true,"href":"https:\/\/ceas.org.pe\/index.php\/wp-json\/wp\/v2\/comments?post=2018"}],"version-history":[{"count":1,"href":"https:\/\/ceas.org.pe\/index.php\/wp-json\/wp\/v2\/posts\/2018\/revisions"}],"predecessor-version":[{"id":7200,"href":"https:\/\/ceas.org.pe\/index.php\/wp-json\/wp\/v2\/posts\/2018\/revisions\/7200"}],"wp:featuredmedia":[{"embeddable":true,"href":"https:\/\/ceas.org.pe\/index.php\/wp-json\/wp\/v2\/media\/7910"}],"wp:attachment":[{"href":"https:\/\/ceas.org.pe\/index.php\/wp-json\/wp\/v2\/media?parent=2018"}],"wp:term":[{"taxonomy":"category","embeddable":true,"href":"https:\/\/ceas.org.pe\/index.php\/wp-json\/wp\/v2\/categories?post=2018"},{"taxonomy":"post_tag","embeddable":true,"href":"https:\/\/ceas.org.pe\/index.php\/wp-json\/wp\/v2\/tags?post=2018"}],"curies":[{"name":"wp","href":"https:\/\/api.w.org\/{rel}","templated":true}]}}