{"id":2016,"date":"2014-10-13T09:44:26","date_gmt":"2014-10-13T09:44:26","guid":{"rendered":""},"modified":"2026-03-11T09:12:19","modified_gmt":"2026-03-11T14:12:19","slug":"mensaje-del-sonodo-a-las-familias-de-los-paoses-en-guerra","status":"publish","type":"post","link":"https:\/\/ceas.org.pe\/index.php\/2014\/10\/13\/mensaje-del-sonodo-a-las-familias-de-los-paoses-en-guerra\/","title":{"rendered":"Mensaje del S\u00f3nodo a las familias de los pa\u00f3ses en guerra"},"content":{"rendered":"<p>Los padres sinodales de la III Asamblea General extraordinaria del S\u00ednodo de los Obispos, junto con todos los participantes, reunidos junto con el Papa Francisco, han emitido un mensaje en el que expresan \u201cprofunda cercan\u00eda a todas las familias que sufren a causa de los numerosos conflictos actuales\u201d.<\/p>\n<p>En particular, elevan al Se\u00f1or una s\u00faplica \u201cpor las familias iraqu\u00edes y sirias, obligadas, por la fe cristiana que profesan o la pertenencia a otras comunidades \u00e9tnicas o religiosas, a abandonar todo y huir hacia un futuro privado de cualquier certeza\u201d.<\/p>\n<p>Por esto, citando las palabras del santo padre Francisco en su viaje apost\u00f3lico a Tirana, reiteran que \u201cnadie puede usar el nombre de Dios para cometer violencia\u201d y que \u201cmatar en nombre de Dios es un gran sacrilegio\u201d.<\/p>\n<p>Al mismo tiempo que agradecen a las organizaciones internacional y los pa\u00edses por su solidaridad e invitan \u201ca las personas de buena voluntad a ofrecer la asistencia necesaria y ayuda a las v\u00edctimas inocentes de la barbarie en acto, y al mismo tiempo pedimos a la comunidad internacional que act\u00fae para restablecer la convivencia pac\u00edfica en Irak, en Siria y en todo Oriente Medio\u201d.<\/p>\n<p>Del mismo modo, dedican unas palabras a las \u00abfamilias heridas y que sufren en otras partes del mundo, sometidas a violencias persistentes\u00bb. A ellos \u00abqueremos asegurar nuestra oraci\u00f3n constante para que el Se\u00f1or misericordioso convierta los corazones y done paz y estabilidad a todos los ahora est\u00e1n atravesando la prueba\u00bb.<\/p>\n<p>Finalmente, los padres sinodales en su mensaje invocan a la Santa Familia de Nazaret que sufri\u00f3 el \u00abcamino doloroso del exilio\u00bb para que haga de cada familia \u00abcomunidad de amor y de reconciliaci\u00f3n\u00bb, una fuente de esperanza para todo el mundo. <\/p>\n<p>(Fuente: CEP)<\/p>\n<p><a href=\"http:\/\/web.hilo.org.pe\/wp-content\/uploads\/sinodo 3.jpg\" target=\"_blank\" rel=\"noopener\">Ver archivo adjunto<\/a><\/p>\n","protected":false},"excerpt":{"rendered":"<p>Los padres sinodales de la III Asamblea General extraordinaria del S?nodo de los Obispos, junto con todos los participantes, reunidos junto con el Papa Francisco, han emitido un mensaje en el que expresan ?profunda cercan?a a todas las familias que sufren a causa de los numerosos conflictos actuales?.<\/p>\n","protected":false},"author":1,"featured_media":7973,"comment_status":"closed","ping_status":"closed","sticky":false,"template":"","format":"standard","meta":{"footnotes":""},"categories":[9],"tags":[],"class_list":["post-2016","post","type-post","status-publish","format-standard","has-post-thumbnail","hentry","category-noticias"],"_links":{"self":[{"href":"https:\/\/ceas.org.pe\/index.php\/wp-json\/wp\/v2\/posts\/2016","targetHints":{"allow":["GET"]}}],"collection":[{"href":"https:\/\/ceas.org.pe\/index.php\/wp-json\/wp\/v2\/posts"}],"about":[{"href":"https:\/\/ceas.org.pe\/index.php\/wp-json\/wp\/v2\/types\/post"}],"author":[{"embeddable":true,"href":"https:\/\/ceas.org.pe\/index.php\/wp-json\/wp\/v2\/users\/1"}],"replies":[{"embeddable":true,"href":"https:\/\/ceas.org.pe\/index.php\/wp-json\/wp\/v2\/comments?post=2016"}],"version-history":[{"count":1,"href":"https:\/\/ceas.org.pe\/index.php\/wp-json\/wp\/v2\/posts\/2016\/revisions"}],"predecessor-version":[{"id":7202,"href":"https:\/\/ceas.org.pe\/index.php\/wp-json\/wp\/v2\/posts\/2016\/revisions\/7202"}],"wp:featuredmedia":[{"embeddable":true,"href":"https:\/\/ceas.org.pe\/index.php\/wp-json\/wp\/v2\/media\/7973"}],"wp:attachment":[{"href":"https:\/\/ceas.org.pe\/index.php\/wp-json\/wp\/v2\/media?parent=2016"}],"wp:term":[{"taxonomy":"category","embeddable":true,"href":"https:\/\/ceas.org.pe\/index.php\/wp-json\/wp\/v2\/categories?post=2016"},{"taxonomy":"post_tag","embeddable":true,"href":"https:\/\/ceas.org.pe\/index.php\/wp-json\/wp\/v2\/tags?post=2016"}],"curies":[{"name":"wp","href":"https:\/\/api.w.org\/{rel}","templated":true}]}}