{"id":2014,"date":"2014-10-10T10:01:36","date_gmt":"2014-10-10T10:01:36","guid":{"rendered":""},"modified":"2026-03-11T09:12:19","modified_gmt":"2026-03-11T14:12:19","slug":"homiloa-del-cardenal-sistach-o-apertura-sonodo-2014","status":"publish","type":"post","link":"https:\/\/ceas.org.pe\/index.php\/2014\/10\/10\/homiloa-del-cardenal-sistach-o-apertura-sonodo-2014\/","title":{"rendered":"Homil\u00f3a del cardenal Sistach \u00f3 Apertura S\u00f3nodo 2014"},"content":{"rendered":"<p>Homil\u00eda del cardenal Llu\u00eds Mart\u00ednez Sistach, arzobispo de Barcelona, durante la oraci\u00f3n de la Hora Tercia en la inauguraci\u00f3n de la I Congregaci\u00f3n General del S\u00ednodo extraordinario sobre la Familia:<\/p>\n<p>logoVaticanoEstamos reunidos en el nombre del Se\u00f1or para servir al Pueblo de Dios con la celebraci\u00f3n de esta Asamblea Extraordinaria del S\u00ednodo de los Obispos. El Papa Francisco nos ha convocado para una labor eclesial, y la iniciamos alabando al Se\u00f1or con la oraci\u00f3n de los Salmos.<\/p>\n<p>Esta ma\u00f1ana, el ap\u00f3stol Pablo, en el pasaje de la Segunda Carta a los Corintios que hemos escuchado, nos hace unas recomendaciones que transmiten el esp\u00edritu y muestran el estilo que han de inspirar nuestra labor durante estos d\u00edas de asamblea sinodal.<\/p>\n<p>En su despedida de la Segunda Carta a los Corintios, el Ap\u00f3stol vuelca una vez m\u00e1s todo su coraz\u00f3n sobre los fieles de aquella Iglesia, exhort\u00e1ndolos a que vivan entre s\u00ed la fraternidad propia de los cristianos, con la consiguiente paz y unidad en medio de ellos (cf. 1 Cor 1, 10-17). Y San Juan Cris\u00f3stomo predice cu\u00e1l ser\u00e1 el resultado de esto: \u00abVivid en la unidad y en la paz, y Dios estar\u00e1 ciertamente con vosotros, porque Dios es un Dios de amor y un Dios de paz, y pone ah\u00ed sus delicias. Su amor producir\u00e1 vuestra paz, y todo mal quedar\u00e1 desterrado de vuestra Iglesia\u00bb (Homil\u00eda sobre II Corintios, n. 30).<\/p>\n<p>Nuestra labor sinodal es un servicio eclesial, y ha de ser plenamente evangelizadora, porque, como nos recordaba Pablo VI, la Iglesia existe para evangelizar. Compartimos la alegr\u00eda del Evangelio y la alegr\u00eda de evangelizar, como expone el Papa Francisco en la Exhortaci\u00f3n apost\u00f3lica Evangelii gaudium. Es la alegr\u00eda que nos desea el Ap\u00f3stol: estad alegres. Jes\u00fas nos ha dado a conocer todo lo que ha o\u00eddo a su Padre (Jn 15, 15), y esta es la raz\u00f3n m\u00e1s profunda de nuestra alegr\u00eda. As\u00ed nos dice el Se\u00f1or mismo: \u00abOs he hablado de esto para que mi alegr\u00eda est\u00e9 en vosotros, y vuestra alegr\u00eda llegue a plenitud\u00bb (Jn 15, 11). Y es tambi\u00e9n la alegr\u00eda de comunicar lo que Jes\u00fas nos ha dicho, para que la alegr\u00eda de los dem\u00e1s llegue a plenitud. El Papa afirma que es \u00abla dulce y confortadora alegr\u00eda de evangelizar\u00bb (Evangelii gaudium, n. 9).<\/p>\n<p>La alegr\u00eda es caracter\u00edstica esencial de una vida aut\u00e9nticamente cristiana; la alegr\u00eda que brota de la fe en que Dios nos ha perdonado y est\u00e1 siempre dispuesto a perdonarnos si nosotros no nos cansamos de refugiarnos en su misericordia y de pedirle perd\u00f3n por nuestros pecados, debilidades y omisiones.<\/p>\n<p>Recobremos y acrecentemos el fervor en la evangelizaci\u00f3n \u00abincluso cuando hay que sembrar entre l\u00e1grimas [&#8230;]. Y ojal\u00e1 el mundo actual \u2013que busca a veces con angustia, a veces con esperanza\u2013 pueda as\u00ed recibir la Buena Nueva, no a trav\u00e9s de evangelizadores tristes y desalentados, impacientes o ansiosos, sino a trav\u00e9s de ministros del Evangelio, cuya vida irradia el fervor de quienes han recibido, ante todo en s\u00ed mismos, la alegr\u00eda de Cristo\u00bb (Pablo VI, Evangelii nuntiandi, n. 75, citado en Evangelii gaudium, n. 10).<\/p>\n<p>El Papa nos ha convocado para reflexionar, dialogar y debatir sobre los desaf\u00edos de la familia en el contexto de la evangelizaci\u00f3n. Para llevar a cabo esta tarea, el ap\u00f3stol Pablo nos pide que imploremos al Esp\u00edritu que nos ilumine en el trabajo sinodal por el bien de las parejas y de las familias, porque, como nos dice el Concilio Vaticano II, \u00abel bienestar de la persona y de la sociedad humana y cristiana est\u00e1 estrechamente ligado a la prosperidad de la comunidad conyugal y familiar\u00bb (Gaudium et spes, n. 47).<\/p>\n<p>Pablo nos recomienda que en las aportaciones y en el di\u00e1logo mantengamos los mismos sentimientos, las mismas convicciones gozosas y gratas de ser miembros de la Iglesia una y \u00fanica de Jesucristo, extendida de Oriente a Occidente. Que podamos tener los sentimientos del Buen Pastor, que cuida de las noventa y nueve ovejas y sale en busca de la oveja perdida, conscientes del hecho de que hoy, en varias latitudes de la Iglesia, el n\u00famero se est\u00e1 invirtiendo; y que podamos tener tambi\u00e9n los sentimientos del Buen Samaritano que ve al herido, se le acerca y lo ayuda, ofreci\u00e9ndole lo que en aquel momento le sirve para recobrar la salud.<\/p>\n<p>El consejo del ap\u00f3stol Pablo de que \u00abvivamos en paz\u00bb siempre resulta \u00fatil. Hablaremos de la belleza de la familia, que Dios cre\u00f3 y que Cristo elev\u00f3 a sacramento, y tendremos presentes a las familias que no han logrado vivir la belleza de la comunidad \u00edntima de vida y de amor en su matrimonio. Y como buenos pastores y buenos samaritanos lo haremos todo siguiendo esa recomendaci\u00f3n paulina de que el Dios del amor y de la paz est\u00e9 con nosotros y bendiga nuestra labor sinodal, con vistas a poder ofrecer al Papa Francisco nuestros consejos de amor y de paz para que lo ayuden en su ministerio de Sucesor de Pedro por el bien de toda la Iglesia de Jesucristo.<\/p>\n<p>Cardenal Mart\u00ednez Sistach<br \/>\nEl Vaticano, Roma<br \/>\n\u00a0<\/p>\n<p>Fuente: vidanueva.es<\/p>\n<p><a href=\"http:\/\/web.hilo.org.pe\/wp-content\/uploads\/biografia.jpg\" target=\"_blank\" rel=\"noopener\">Ver archivo adjunto<\/a><\/p>\n","protected":false},"excerpt":{"rendered":"<p>Homil?a del cardenal Llu?s Mart?nez Sistach, arzobispo de Barcelona, durante la oraci?n de la Hora Tercia en la inauguraci?n de la I Congregaci?n General del S?nodo extraordinario sobre la Familia:<\/p>\n","protected":false},"author":1,"featured_media":0,"comment_status":"closed","ping_status":"closed","sticky":false,"template":"","format":"standard","meta":{"footnotes":""},"categories":[9],"tags":[],"class_list":["post-2014","post","type-post","status-publish","format-standard","hentry","category-noticias"],"_links":{"self":[{"href":"https:\/\/ceas.org.pe\/index.php\/wp-json\/wp\/v2\/posts\/2014","targetHints":{"allow":["GET"]}}],"collection":[{"href":"https:\/\/ceas.org.pe\/index.php\/wp-json\/wp\/v2\/posts"}],"about":[{"href":"https:\/\/ceas.org.pe\/index.php\/wp-json\/wp\/v2\/types\/post"}],"author":[{"embeddable":true,"href":"https:\/\/ceas.org.pe\/index.php\/wp-json\/wp\/v2\/users\/1"}],"replies":[{"embeddable":true,"href":"https:\/\/ceas.org.pe\/index.php\/wp-json\/wp\/v2\/comments?post=2014"}],"version-history":[{"count":1,"href":"https:\/\/ceas.org.pe\/index.php\/wp-json\/wp\/v2\/posts\/2014\/revisions"}],"predecessor-version":[{"id":7204,"href":"https:\/\/ceas.org.pe\/index.php\/wp-json\/wp\/v2\/posts\/2014\/revisions\/7204"}],"wp:attachment":[{"href":"https:\/\/ceas.org.pe\/index.php\/wp-json\/wp\/v2\/media?parent=2014"}],"wp:term":[{"taxonomy":"category","embeddable":true,"href":"https:\/\/ceas.org.pe\/index.php\/wp-json\/wp\/v2\/categories?post=2014"},{"taxonomy":"post_tag","embeddable":true,"href":"https:\/\/ceas.org.pe\/index.php\/wp-json\/wp\/v2\/tags?post=2014"}],"curies":[{"name":"wp","href":"https:\/\/api.w.org\/{rel}","templated":true}]}}