{"id":2011,"date":"2014-10-09T09:50:14","date_gmt":"2014-10-09T09:50:14","guid":{"rendered":""},"modified":"2026-03-11T09:12:19","modified_gmt":"2026-03-11T14:12:19","slug":"unesco-reconoce-a-obispo-luis-infanti-por-contribucion-al-cuidado-del-agua","status":"publish","type":"post","link":"https:\/\/ceas.org.pe\/index.php\/2014\/10\/09\/unesco-reconoce-a-obispo-luis-infanti-por-contribucion-al-cuidado-del-agua\/","title":{"rendered":"UNESCO reconoce a Obispo Luis Infanti por contribuci\u00f3n al cuidado del agua"},"content":{"rendered":"<p>Santiago de Chile (EVARED).- El Obispo Vicario Apost\u00f3lico de Ays\u00e9n, Mons. Luis Infanti De la Mora, recibi\u00f3 el Premio de la UNESCO en reconocimiento a personas y entidades que se han destacado en el cuidado y protecci\u00f3n de los recursos h\u00eddricos, esencialmente en el \u00e1mbito de la pol\u00edtica, de las comunicaciones y de la investigaci\u00f3n cient\u00edfica. El reconocimiento se entreg\u00f3 con ocasi\u00f3n de la XVIII Jornada anual de la UNESCO, el Comit\u00e9 Chileno para el Programa Hidrol\u00f3gico Internacional de dicho organismo.<\/p>\n<p>El Obispo Infanti fue reconocido como \u00abpersonaje p\u00fablico destacado\u00bb en consideraci\u00f3n a la publicaci\u00f3n de su Carta Pastoral \u00abDanos hoy el agua de cada d\u00eda\u00bb (2008) y la amplia difusi\u00f3n y repercusiones que ha tenido en los m\u00e1s variados pa\u00edses del mundo y esencialmente en toda Am\u00e9rica latina.<\/p>\n<p>El premio, que se otorga cada a\u00f1o desde el 2005, fue entregado este a\u00f1o al Obispo Luis Infanti De la Mora, Vicario Apost\u00f3lico de Ays\u00e9n, en la categor\u00eda de \u00abpersonaje p\u00fablico destacado\u00bb. esto debido a la publicaci\u00f3n de su Carta Pastoral \u00abDanos hoy el agua de cada d\u00eda\u00bb (2008) y la amplia difusi\u00f3n y repercusiones que ha tenido en los m\u00e1s variados pa\u00edses del mundo y esencialmente en toda Am\u00e9rica latina.<\/p>\n<p>La Carta presentada por el Obispo es un documento elaborado con el fin de aportar una visi\u00f3n \u00e9tica de la relaci\u00f3n del hombre con Dios y la Creaci\u00f3n. En el texto de 90 p\u00e1ginas profundiza en la realidad del recurso agua y sus usos, como as\u00ed tambi\u00e9n de la generaci\u00f3n de energ\u00eda y los impactos que provocan en el medio ambiente megaproyectos hidroel\u00e9ctricos como los que se pretenden construir en la zona sur de la Regi\u00f3n.<\/p>\n<p>Al momento de su lanzamiento, Monse\u00f1or Luis Infanti indic\u00f3 que: \u00abesta carta pretend\u00eda aportar una mirada \u00e9tica desde la fe sobre la responsabilidad que tienen los seres humanos en el cuidado de la creaci\u00f3n La carta habla tambi\u00e9n de todo lo que es el negocio con el Agua, don de Dios y recurso tan indispensable para la vida\u00bb.<\/p>\n<p>En el marco de las Semanas Sociales 2014, organizadas por el Departamento de Acci\u00f3n Social (DAS) del Obispado de Temuco, el Obispo de Ays\u00e9n, Luis Infanti, lanz\u00f3 fuertes cr\u00edticas contra el C\u00f3digo de Derechos de Agua y la legislaci\u00f3n que hoy resguarda el uso y propiedad del elemento.<\/p>\n<p>En la actividad titulada: \u00abEl agua como derecho, don y responsabilidad. Un desaf\u00edo para la equidad. Un llamado desde la Iglesia de Temuco\u00bb, Infanti se\u00f1al\u00f3: \u00abYo abogo principalmente por una nueva constituci\u00f3n que rompa estos esc\u00e1ndalos, desequilibrios y marginaciones que hay en nuestro pueblo que son cada vez m\u00e1s evidentes. El agua es uno de los elementos que nos ayuda a entender eso. Si seguimos con nuestra indiferencia con nuestro silencio frente a problemas tan inmorales y vergonzosos estamos facilitando esta injusticia y esta inmoralidad\u00bb, recalc\u00f3.<\/p>\n<p>El Obispo ha se\u00f1alado que ser\u00eda deseable que el planteamiento de la nueva Constituci\u00f3n contemple un desarrollo de las personas arm\u00f3nico con el medioambiente, donde los bienes indispensables para la vida, como el agua, sean protegidos. Lo anterior a prop\u00f3sito de la relaci\u00f3n entre desarrollo, medioambiente y pobreza. A juicio de Infanti, la Patagonia goza de una belleza \u00fanica, por lo tanto los actores deben trabajar juntos de manera m\u00e1s propositiva, motivar a los debates, generar informaci\u00f3n para la comunidad: \u00abTenemos una gran responsabilidad de animar y acompa\u00f1ar estos procesos; Dialogar respetuosamente y hacer que la belleza de la Patagonia se transforme en una belleza social, donde podamos entendernos y vivir de manera grata y feliz\u00bb, enfatiza el Pastor.<\/p>\n<p>Fuente: Comunicaciones Pastoral Social Caritas<\/p>\n<p><a href=\"http:\/\/web.hilo.org.pe\/wp-content\/uploads\/infanti.jpg\" target=\"_blank\" rel=\"noopener\">Ver archivo adjunto<\/a><\/p>\n","protected":false},"excerpt":{"rendered":"<p>Santiago de Chile (EVARED).- El Obispo Vicario Apost?lico de Ays?n, Mons. Luis Infanti De la Mora, recibi? el Premio de la UNESCO en reconocimiento a personas y entidades que se han destacado en el cuidado y protecci?n de los recursos h?dricos, esencialmente en el ?mbito de la pol?tica, de las comunicaciones y de la investigaci?n cient?fica. El reconocimiento se entreg? con ocasi?n de la XVIII Jornada anual de la UNESCO, el Comit? Chileno para el Programa Hidrol?gico Internacional de dicho organismo.<\/p>\n","protected":false},"author":1,"featured_media":7884,"comment_status":"closed","ping_status":"closed","sticky":false,"template":"","format":"standard","meta":{"footnotes":""},"categories":[9],"tags":[],"class_list":["post-2011","post","type-post","status-publish","format-standard","has-post-thumbnail","hentry","category-noticias"],"_links":{"self":[{"href":"https:\/\/ceas.org.pe\/index.php\/wp-json\/wp\/v2\/posts\/2011","targetHints":{"allow":["GET"]}}],"collection":[{"href":"https:\/\/ceas.org.pe\/index.php\/wp-json\/wp\/v2\/posts"}],"about":[{"href":"https:\/\/ceas.org.pe\/index.php\/wp-json\/wp\/v2\/types\/post"}],"author":[{"embeddable":true,"href":"https:\/\/ceas.org.pe\/index.php\/wp-json\/wp\/v2\/users\/1"}],"replies":[{"embeddable":true,"href":"https:\/\/ceas.org.pe\/index.php\/wp-json\/wp\/v2\/comments?post=2011"}],"version-history":[{"count":1,"href":"https:\/\/ceas.org.pe\/index.php\/wp-json\/wp\/v2\/posts\/2011\/revisions"}],"predecessor-version":[{"id":7207,"href":"https:\/\/ceas.org.pe\/index.php\/wp-json\/wp\/v2\/posts\/2011\/revisions\/7207"}],"wp:featuredmedia":[{"embeddable":true,"href":"https:\/\/ceas.org.pe\/index.php\/wp-json\/wp\/v2\/media\/7884"}],"wp:attachment":[{"href":"https:\/\/ceas.org.pe\/index.php\/wp-json\/wp\/v2\/media?parent=2011"}],"wp:term":[{"taxonomy":"category","embeddable":true,"href":"https:\/\/ceas.org.pe\/index.php\/wp-json\/wp\/v2\/categories?post=2011"},{"taxonomy":"post_tag","embeddable":true,"href":"https:\/\/ceas.org.pe\/index.php\/wp-json\/wp\/v2\/tags?post=2011"}],"curies":[{"name":"wp","href":"https:\/\/api.w.org\/{rel}","templated":true}]}}