{"id":2006,"date":"2014-10-06T09:37:47","date_gmt":"2014-10-06T09:37:47","guid":{"rendered":""},"modified":"2026-03-11T09:12:19","modified_gmt":"2026-03-11T14:12:19","slug":"callao-exposicion-fotogrofica-sobre-importancia-de-la-familia","status":"publish","type":"post","link":"https:\/\/ceas.org.pe\/index.php\/2014\/10\/06\/callao-exposicion-fotogrofica-sobre-importancia-de-la-familia\/","title":{"rendered":"Callao: exposici\u00f3n fotogr\u00f3fica sobre importancia de la familia"},"content":{"rendered":"<p>En un mundo actual donde hay crecientes y sistem\u00e1ticos ataques contra la familia, y en donde el hombre est\u00e1 tentado a cerrarse a la verdad sobre s\u00ed mismo, sobre el amor y sobre la vida, la Facultad de Teolog\u00eda Redemptoris Mater de la Di\u00f3cesis del Callao ha inaugurado esta semana la VII Exposici\u00f3n Etnogr\u00e1fica y Misionera, con el tema: \u201cFamilia y Vida\u201d.<\/p>\n<p>El objetivo es reflexionar sobre el sentido de la existencia y el papel que desempe\u00f1a la familia en la sociedad. Asimismo, que el visitante se identifique con la historia de la familia humana, da\u00f1ada por el pecado pero redimida en Cristo, para que descubra que la familia no es producto de un fen\u00f3meno cultural ni fruto de una casualidad, sino que es una instituci\u00f3n natural, creada por Dios a imagen de la Sant\u00edsima Trinidad.<\/p>\n<p>La exposici\u00f3n cuenta con esculturas, cuadros, fotograf\u00edas, v\u00eddeos, conferencias, paneles informativos-pedag\u00f3gicos, etc. Se lleva a cabo desde el 1 de octubre al 14 de noviembre, en el local de la Facultad de Teolog\u00eda de la Di\u00f3cesis del Callao, ubicada en el distrito de La Punta (Jr. Medina N\u00b0 393).<\/p>\n<p>Para m\u00e1s informaci\u00f3n o si desean participar en grupos, pueden llamar al tel\u00e9fono: 429-4667. Tambi\u00e9n pueden escribir al correo electr\u00f3nico: dpto.expocultural@ftrm.org\u00a0 <\/p>\n<p>(Fuente: CEP)<\/p>\n<p><a href=\"http:\/\/web.hilo.org.pe\/wp-content\/uploads\/fotografica.jpg\" target=\"_blank\" rel=\"noopener\">Ver archivo adjunto<\/a><\/p>\n","protected":false},"excerpt":{"rendered":"<p>En un mundo actual donde hay crecientes y sistem?ticos ataques contra la familia, y en donde el hombre est? tentado a cerrarse a la verdad sobre s? mismo, sobre el amor y sobre la vida, la Facultad de Teolog?a Redemptoris Mater de la Di?cesis del Callao ha inaugurado esta semana la VII Exposici?n Etnogr?fica y Misionera, con el tema: ?Familia y Vida?.<\/p>\n","protected":false},"author":1,"featured_media":7893,"comment_status":"closed","ping_status":"closed","sticky":false,"template":"","format":"standard","meta":{"footnotes":""},"categories":[9],"tags":[],"class_list":["post-2006","post","type-post","status-publish","format-standard","has-post-thumbnail","hentry","category-noticias"],"_links":{"self":[{"href":"https:\/\/ceas.org.pe\/index.php\/wp-json\/wp\/v2\/posts\/2006","targetHints":{"allow":["GET"]}}],"collection":[{"href":"https:\/\/ceas.org.pe\/index.php\/wp-json\/wp\/v2\/posts"}],"about":[{"href":"https:\/\/ceas.org.pe\/index.php\/wp-json\/wp\/v2\/types\/post"}],"author":[{"embeddable":true,"href":"https:\/\/ceas.org.pe\/index.php\/wp-json\/wp\/v2\/users\/1"}],"replies":[{"embeddable":true,"href":"https:\/\/ceas.org.pe\/index.php\/wp-json\/wp\/v2\/comments?post=2006"}],"version-history":[{"count":1,"href":"https:\/\/ceas.org.pe\/index.php\/wp-json\/wp\/v2\/posts\/2006\/revisions"}],"predecessor-version":[{"id":7212,"href":"https:\/\/ceas.org.pe\/index.php\/wp-json\/wp\/v2\/posts\/2006\/revisions\/7212"}],"wp:featuredmedia":[{"embeddable":true,"href":"https:\/\/ceas.org.pe\/index.php\/wp-json\/wp\/v2\/media\/7893"}],"wp:attachment":[{"href":"https:\/\/ceas.org.pe\/index.php\/wp-json\/wp\/v2\/media?parent=2006"}],"wp:term":[{"taxonomy":"category","embeddable":true,"href":"https:\/\/ceas.org.pe\/index.php\/wp-json\/wp\/v2\/categories?post=2006"},{"taxonomy":"post_tag","embeddable":true,"href":"https:\/\/ceas.org.pe\/index.php\/wp-json\/wp\/v2\/tags?post=2006"}],"curies":[{"name":"wp","href":"https:\/\/api.w.org\/{rel}","templated":true}]}}