{"id":2001,"date":"2014-10-01T10:05:48","date_gmt":"2014-10-01T10:05:48","guid":{"rendered":""},"modified":"2026-03-11T09:12:19","modified_gmt":"2026-03-11T14:12:19","slug":"homiloa-del-papa-sobre-la-urgencia-del-encuentro-entre-ancianos-y-jovenes","status":"publish","type":"post","link":"https:\/\/ceas.org.pe\/index.php\/2014\/10\/01\/homiloa-del-papa-sobre-la-urgencia-del-encuentro-entre-ancianos-y-jovenes\/","title":{"rendered":"Homil\u00f3a del Papa sobre la urgencia del encuentro entre ancianos y j\u00f3venes"},"content":{"rendered":"<p>Compartimos la homil\u00eda ofrecida por el Papa Francisco en su reciente encuentor con los ancianos, que llev\u00f3 por t\u00edtulo \u00abLa bendici\u00f3n de la larga vida\u00bb. <\/p>\n<p>\u00abEl Evangelio que acabamos de escuchar, lo acogemos hoy como el Evangelio del encuentro entre los j\u00f3venes y los ancianos: un encuentro lleno de gozo, de fe y de esperanza.Mar\u00eda es joven, muy joven. Isabel es anciana, pero en ella se ha manifestado la misericordia de Dios, y, junto a con su esposo Zacar\u00edas, est\u00e1 en espera de un hijo desde hace seis meses.<\/p>\n<p>Tambi\u00e9n en esta ocasi\u00f3n, Mar\u00eda nos muestra el camino: ir a visitar a la anciana pariente, para estar con ella, ciertamente para ayudarla, pero tambi\u00e9n y sobre todo para aprender de ella, que ya es mayor, una sabidur\u00eda de vida.La Primera Lectura recuerda de varios modos el cuarto mandamiento: \u00abHonra a tu padre y a tu madre: as\u00ed se prolongar\u00e1n tus d\u00edas en la tierra, que el Se\u00f1or, tu Dios, te va a dar\u00bb (Ex 20,12). No hay futuro para el pueblo sin este encuentro entre generaciones, sin que los ni\u00f1os reciban con gratitud el testigo de la vida por parte de los padres. Y, en esta gratitud a quien te ha transmitido la vida, hay tambi\u00e9n un agradecimiento al Padre que est\u00e1 en los cielos.<\/p>\n<p>Hay a veces generaciones de j\u00f3venes que, por complejas razones hist\u00f3ricas y culturales, viven m\u00e1s intensamente la necesidad de independizarse de sus padres, casi de \u00abliberarse\u00bb del legado de la generaci\u00f3n anterior. Es como un momento de adolescencia rebelde. Pero, si despu\u00e9s no se recupera el encuentro, si no se logra un nuevo equilibrio fecundo entre las generaciones, se llega a un grave empobrecimiento del pueblo, y la libertad que prevalece en la sociedad es una falsa libertad, que casi siempre se convierte en autoritarismo.<\/p>\n<p>El mismo mensaje nos llega de la exhortaci\u00f3n del ap\u00f3stol Pablo dirigida a Timoteo y, a trav\u00e9s de \u00e9l, a la comunidad cristiana. Jes\u00fas no aboli\u00f3 la ley de la familia y la transici\u00f3n entre las generaciones, sino que la llev\u00f3 a su plenitud. El Se\u00f1or ha formado una nueva familia, en la que, por encima de los lazos de sangre, prevalece la relaci\u00f3n con \u00e9l y el cumplir la voluntad de Dios Padre. Pero el amor por Jes\u00fas y por el Padre eleva el amor a los padres, hermanos y abuelos, renueva las relaciones familiares con la savia del Evangelio y del Esp\u00edritu Santo. <\/p>\n<p>Y as\u00ed, san Pablo recomienda a Timoteo, que es Pastor, y por tanto padre de la comunidad, que se respete a los ancianos y a los familiares, y exhorta a que se haga con actitud filial: al anciano \u00abcomo un padre\u00bb, a las ancianas \u00abcomo a madres\u00bb (cf. 1 Tm 5,1). El jefe de la comunidad no est\u00e1 exento de esta voluntad de Dios, sino que, por el contrario, la caridad de Cristo le insta a hacerlo con un amor m\u00e1s grande. Como la Virgen Mar\u00eda, que aun habi\u00e9ndose convertido en la Madre del Mes\u00edas, se siente impulsada por el amor de Dios, que en ella se est\u00e1 encarnando, a ir de prisa hacia su anciana pariente.<\/p>\n<p>Volvamos, pues, a este \u00abicono\u00bb lleno de alegr\u00eda y de esperanza, lleno de fe, lleno de caridad. Podemos pensar que la Virgen Mar\u00eda, estando en la casa de Isabel, habr\u00e1 o\u00eddo rezar a ella y a su esposo Zacar\u00edas con las palabras del Salmo Responsorial de hoy: \u00abT\u00fa, Dios m\u00edo, fuiste mi esperanza y mi confianza, Se\u00f1or, desde mi juventud&#8230; No me rechaces ahora en la vejez, me van faltando las fuerzas, no me abandones&#8230; Ahora, en la vejez y en las canas, no me abandones, Dios m\u00edo, hasta que describa tu poder, tus haza\u00f1as a la nueva generaci\u00f3n\u00bb (Sal 70,9.5.18). <\/p>\n<p>La joven Mar\u00eda escuchaba, y lo guardaba todo en su coraz\u00f3n. La sabidur\u00eda de Isabel y Zacar\u00edas ha enriquecido su \u00e1nimo joven; no eran expertos en maternidad y paternidad, porque tambi\u00e9n para ellos era el primer embarazo, pero eran expertos de la fe, expertos en Dios, expertos en esa esperanza que de \u00e9l proviene: esto es lo que necesita el mundo en todos los tiempos. Mar\u00eda supo escuchar a aquellos padres ancianos y llenos de asombro, hizo acopio de su sabidur\u00eda, y \u00e9sta fue de gran valor para ella en su camino como mujer, esposa y madre.<\/p>\n<p>As\u00ed, la Virgen Mar\u00eda nos muestra el camino: el camino del encuentro entre j\u00f3venes y ancianos. El futuro de un pueblo supone necesariamente este encuentro: los j\u00f3venes dan la fuerza para hacer avanzar al pueblo, y los ancianos robustecen esta fuerza con la memoria y la sabidur\u00eda popular.<\/p>\n<p><a href=\"http:\/\/web.hilo.org.pe\/wp-content\/uploads\/papa y ancianos.jpg\" target=\"_blank\" rel=\"noopener\">Ver archivo adjunto<\/a><\/p>\n","protected":false},"excerpt":{"rendered":"<p>Compartimos la homil?a ofrecida por el Papa Francisco en su reciente encuentor con los ancianos, que llev? por t?tulo \u00abLa bendici?n de la larga vida\u00bb.<\/p>\n","protected":false},"author":1,"featured_media":7862,"comment_status":"closed","ping_status":"closed","sticky":false,"template":"","format":"standard","meta":{"footnotes":""},"categories":[9],"tags":[],"class_list":["post-2001","post","type-post","status-publish","format-standard","has-post-thumbnail","hentry","category-noticias"],"_links":{"self":[{"href":"https:\/\/ceas.org.pe\/index.php\/wp-json\/wp\/v2\/posts\/2001","targetHints":{"allow":["GET"]}}],"collection":[{"href":"https:\/\/ceas.org.pe\/index.php\/wp-json\/wp\/v2\/posts"}],"about":[{"href":"https:\/\/ceas.org.pe\/index.php\/wp-json\/wp\/v2\/types\/post"}],"author":[{"embeddable":true,"href":"https:\/\/ceas.org.pe\/index.php\/wp-json\/wp\/v2\/users\/1"}],"replies":[{"embeddable":true,"href":"https:\/\/ceas.org.pe\/index.php\/wp-json\/wp\/v2\/comments?post=2001"}],"version-history":[{"count":1,"href":"https:\/\/ceas.org.pe\/index.php\/wp-json\/wp\/v2\/posts\/2001\/revisions"}],"predecessor-version":[{"id":7217,"href":"https:\/\/ceas.org.pe\/index.php\/wp-json\/wp\/v2\/posts\/2001\/revisions\/7217"}],"wp:featuredmedia":[{"embeddable":true,"href":"https:\/\/ceas.org.pe\/index.php\/wp-json\/wp\/v2\/media\/7862"}],"wp:attachment":[{"href":"https:\/\/ceas.org.pe\/index.php\/wp-json\/wp\/v2\/media?parent=2001"}],"wp:term":[{"taxonomy":"category","embeddable":true,"href":"https:\/\/ceas.org.pe\/index.php\/wp-json\/wp\/v2\/categories?post=2001"},{"taxonomy":"post_tag","embeddable":true,"href":"https:\/\/ceas.org.pe\/index.php\/wp-json\/wp\/v2\/tags?post=2001"}],"curies":[{"name":"wp","href":"https:\/\/api.w.org\/{rel}","templated":true}]}}