{"id":1996,"date":"2014-09-29T10:39:48","date_gmt":"2014-09-29T10:39:48","guid":{"rendered":""},"modified":"2026-03-11T09:12:19","modified_gmt":"2026-03-11T14:12:19","slug":"la-santa-sede-ante-la-onu-en-defensa-del-medio-ambiente","status":"publish","type":"post","link":"https:\/\/ceas.org.pe\/index.php\/2014\/09\/29\/la-santa-sede-ante-la-onu-en-defensa-del-medio-ambiente\/","title":{"rendered":"La Santa Sede ante la ONU en defensa del medio ambiente"},"content":{"rendered":"<p>El Cardenal Pietro Parolin, Secretario de Estado del Vaticano particip\u00f3 en la Cumbre Clim\u00e1tica celebrada en la sede de las Naciones Unidas en Nueva York, y record\u00f3 c\u00f3mo estudios cient\u00edficos subrayan los grandes riesgos y los costos socio-econ\u00f3micos de la inercia de la acci\u00f3n humana ante el cambio clim\u00e1tico e insisti\u00f3 en la necesidad de recurrir siempre a la \u201cvirtud de la prudencia\u201d y a un \u201can\u00e1lisis cuidadoso de las repercusiones futuras de nuestras acciones\u201d.<\/p>\n<p>El Purpurado se\u00f1al\u00f3 que esto requiere un fuerte compromiso pol\u00edtico econ\u00f3mico por parte de la comunidad internacional, al que la Santa Sede quiere contribuir, consciente de que \u201cel don de la ciencia nos ayuda a no caer en ciertos comportamientos excesivos o incorrectos\u201d. Tambi\u00e9n destac\u00f3 la responsabilidad com\u00fan de los Estados en proteger el clima mundial a trav\u00e9s de acciones de mitigaci\u00f3n, de adaptaci\u00f3n e intercambio de tecnolog\u00eda, para asegurar a la generaci\u00f3n presente y las futuras la posibilidad de vivir en un ambiente seguro y digno.<\/p>\n<p>\u201cTambi\u00e9n, el Estado de la Ciudad del Vaticano, por muy peque\u00f1o que sea, est\u00e1 llevando a cabo esfuerzos significativos para reducir el consumo de combustibles f\u00f3siles\u201d, dijo, a\u00f1adiendo no obstante que \u201chablar de la reducci\u00f3n de emisiones es in\u00fatil si no estamos dispuestos a cambiar nuestro estilo de vida y los actuales modelos dominantes de consumo y producci\u00f3n\u201d.<\/p>\n<p>Finalmente, dijo que la Santa Sede se ha comprometido, para que en este \u00e1mbito, la comunidad internacional se gu\u00ede por el imperativo \u00e9tico de actuar, inspirado en los principios de la solidaridad y de la promoci\u00f3n del bien com\u00fan, consciente de que \u201cla dignidad de cada persona humana y el bien com\u00fan son cuestiones que deben estructurar toda la pol\u00edtica econ\u00f3mica\u201d. <\/p>\n<p>(Fuente: CEP)<\/p>\n<p><a href=\"http:\/\/web.hilo.org.pe\/wp-content\/uploads\/la santasede.png\" target=\"_blank\" rel=\"noopener\">Ver archivo adjunto<\/a><\/p>\n","protected":false},"excerpt":{"rendered":"<p>El Cardenal Pietro Parolin, Secretario de Estado del Vaticano particip? en la Cumbre Clim?tica celebrada en la sede de las Naciones Unidas en Nueva York, y record? c?mo estudios cient?ficos subrayan los grandes riesgos y los costos socio-econ?micos de la inercia de la acci?n humana ante el cambio clim?tico e insisti? en la necesidad de recurrir siempre a la ?virtud de la prudencia? y a un ?an?lisis cuidadoso de las repercusiones futuras de nuestras acciones?.<\/p>\n","protected":false},"author":1,"featured_media":7848,"comment_status":"closed","ping_status":"closed","sticky":false,"template":"","format":"standard","meta":{"footnotes":""},"categories":[9],"tags":[],"class_list":["post-1996","post","type-post","status-publish","format-standard","has-post-thumbnail","hentry","category-noticias"],"_links":{"self":[{"href":"https:\/\/ceas.org.pe\/index.php\/wp-json\/wp\/v2\/posts\/1996","targetHints":{"allow":["GET"]}}],"collection":[{"href":"https:\/\/ceas.org.pe\/index.php\/wp-json\/wp\/v2\/posts"}],"about":[{"href":"https:\/\/ceas.org.pe\/index.php\/wp-json\/wp\/v2\/types\/post"}],"author":[{"embeddable":true,"href":"https:\/\/ceas.org.pe\/index.php\/wp-json\/wp\/v2\/users\/1"}],"replies":[{"embeddable":true,"href":"https:\/\/ceas.org.pe\/index.php\/wp-json\/wp\/v2\/comments?post=1996"}],"version-history":[{"count":1,"href":"https:\/\/ceas.org.pe\/index.php\/wp-json\/wp\/v2\/posts\/1996\/revisions"}],"predecessor-version":[{"id":7222,"href":"https:\/\/ceas.org.pe\/index.php\/wp-json\/wp\/v2\/posts\/1996\/revisions\/7222"}],"wp:featuredmedia":[{"embeddable":true,"href":"https:\/\/ceas.org.pe\/index.php\/wp-json\/wp\/v2\/media\/7848"}],"wp:attachment":[{"href":"https:\/\/ceas.org.pe\/index.php\/wp-json\/wp\/v2\/media?parent=1996"}],"wp:term":[{"taxonomy":"category","embeddable":true,"href":"https:\/\/ceas.org.pe\/index.php\/wp-json\/wp\/v2\/categories?post=1996"},{"taxonomy":"post_tag","embeddable":true,"href":"https:\/\/ceas.org.pe\/index.php\/wp-json\/wp\/v2\/tags?post=1996"}],"curies":[{"name":"wp","href":"https:\/\/api.w.org\/{rel}","templated":true}]}}